{"id":14607,"date":"2025-11-05T09:39:19","date_gmt":"2025-11-05T09:39:19","guid":{"rendered":"https:\/\/aus.arquitectes.cat\/4a-edicio-de-descarbonitzant-larquitectura-2\/"},"modified":"2025-11-06T12:34:58","modified_gmt":"2025-11-06T12:34:58","slug":"4a-edicio-de-descarbonitzant-larquitectura-2","status":"publish","type":"post","link":"https:\/\/aus.arquitectes.cat\/en\/4a-edicio-de-descarbonitzant-larquitectura-2\/","title":{"rendered":"4th Edition of &#8220;Decarbonizing Architecture&#8221;"},"content":{"rendered":"<section class=\"l-section wpb_row height_medium\"><div class=\"l-section-h i-cf\"><div class=\"g-cols vc_row via_grid cols_1-3-1 laptops-cols_inherit tablets-cols_inherit mobiles-cols_1 valign_top type_default stacking_default\"><div class=\"wpb_column vc_column_container\"><div class=\"vc_column-inner\"><\/div><\/div><div class=\"wpb_column vc_column_container\"><div class=\"vc_column-inner\"><div class=\"w-image align_center\"><div url class=\"w-image-h\"><img loading=\"lazy\" decoding=\"async\" width=\"980\" height=\"653\" src=\"https:\/\/aus.arquitectes.cat\/wp-content\/uploads\/2025\/11\/0K6A2256-Enhanced-NR.jpg\" class=\"attachment-large size-large\" alt=\"\" srcset=\"https:\/\/aus.arquitectes.cat\/wp-content\/uploads\/2025\/11\/0K6A2256-Enhanced-NR.jpg 980w, https:\/\/aus.arquitectes.cat\/wp-content\/uploads\/2025\/11\/0K6A2256-Enhanced-NR-300x200.jpg 300w\" sizes=\"(max-width: 980px) 100vw, 980px\" \/><\/div><\/div><div class=\"wpb_text_column\"><div class=\"wpb_wrapper\"><p data-start=\"246\" data-end=\"610\">On Tuesday, October 21,\u00a0<em data-start=\"270\" data-end=\"305\">Arquitectes per la Sostenibilitat<\/em>\u00a0(<a href=\"https:\/\/aus.arquitectes.cat\/en\/\">AuS<\/a>), together with the\u00a0<em data-start=\"331\" data-end=\"368\">Col\u00b7legi d\u2019Arquitectes de Catalunya<\/em>\u00a0(<a href=\"https:\/\/www.arquitectes.cat\/en\">COAC<\/a>), the <a href=\"https:\/\/www.cscae.com\/\">CSCAE<\/a> and the <a href=\"https:\/\/ace-cae.eu\/\">ACE-CAE<\/a>, organized the fourth edition of the conference\u00a0<strong data-start=\"451\" data-end=\"483\">\u201c<a href=\"https:\/\/www.arquitectes.cat\/en\/decarbonizing-architecture\">Decarbonizing Architecture<\/a>\u201d<\/strong>, a key event for discussing the ecological transition of the architectural sector and of great importance for the AuS group.<\/p>\n<p data-start=\"612\" data-end=\"1073\">Once again presented by meteorologist Francesc Mauri, the conference brought together leading professionals and institutions to share visions and strategies toward a fairer, more responsible, and decarbonized architecture. The opening session featured remarks from Guillem Costa Calsamiglia (COAC), Greta Tresserra (President of AuS), Marta Vall-llossera (CSCAE), Carl B\u00e4ckstrand (ACE-CAE), and I\u00f1aqui Carnicero\u00a0(<a href=\"https:\/\/www.mivau.gob.es\/\">MIVAU- Ministerio de Vivienda y Agenda Urbana<\/a>).<\/p>\n<\/div><\/div><div class=\"wpb_text_column\"><div class=\"wpb_wrapper\"><h3><\/h3>\n<h3>Active participation of AuS members<\/h3>\n<\/div><\/div><div class=\"g-cols wpb_row via_grid cols_2 laptops-cols_inherit tablets-cols_inherit mobiles-cols_1 valign_top type_default stacking_default\"><div class=\"wpb_column vc_column_container\"><div class=\"vc_column-inner\"><div class=\"w-image align_center\"><div url class=\"w-image-h\"><img loading=\"lazy\" decoding=\"async\" width=\"980\" height=\"653\" src=\"https:\/\/aus.arquitectes.cat\/wp-content\/uploads\/2025\/11\/0K6A2404.jpg\" class=\"attachment-large size-large\" alt=\"\" srcset=\"https:\/\/aus.arquitectes.cat\/wp-content\/uploads\/2025\/11\/0K6A2404.jpg 980w, https:\/\/aus.arquitectes.cat\/wp-content\/uploads\/2025\/11\/0K6A2404-300x200.jpg 300w\" sizes=\"(max-width: 980px) 100vw, 980px\" \/><\/div><\/div><\/div><\/div><div class=\"wpb_column vc_column_container\"><div class=\"vc_column-inner\"><div class=\"w-image align_center\"><div url class=\"w-image-h\"><img loading=\"lazy\" decoding=\"async\" width=\"980\" height=\"653\" src=\"https:\/\/aus.arquitectes.cat\/wp-content\/uploads\/2025\/11\/0K6A2289.jpg\" class=\"attachment-large size-large\" alt=\"\" srcset=\"https:\/\/aus.arquitectes.cat\/wp-content\/uploads\/2025\/11\/0K6A2289.jpg 980w, https:\/\/aus.arquitectes.cat\/wp-content\/uploads\/2025\/11\/0K6A2289-300x200.jpg 300w\" sizes=\"(max-width: 980px) 100vw, 980px\" \/><\/div><\/div><\/div><\/div><\/div><div class=\"wpb_text_column\"><div class=\"wpb_wrapper\"><p>One of the most remarkable aspects of this edition was the collective and committed participation of AuS members. The first rows were filled, becoming a true intergenerational meeting point for the group. The new board \u2014Greta Tresserra (President), Jade Serra and Albert Sagrera (Vice Presidents), S\u00f2nia Hern\u00e1ndez-Monta\u00f1o (Secretary), Toni Escud\u00e9 (Treasurer), and board members Bea de Diego, \u00c0ngels Castellarnau, Sander Laudy, Licinio Alfaro, and Marta Galisteo\u2014 played an active role both in the preparation and as speakers, alongside a large number of members. This reinforced the group\u2019s role as a driving force for change within COAC. Their presence symbolizes a shared commitment to decarbonization and to an architecture aligned with climate and social objectives.<\/p>\n<\/div><\/div><div class=\"wpb_text_column\"><div class=\"wpb_wrapper\"><h3><\/h3>\n<h3>Program<\/h3>\n<\/div><\/div><div class=\"wpb_text_column\"><div class=\"wpb_wrapper\"><p>Before the sessions began, the conference opened with the keynote lecture\u00a0<strong data-start=\"1991\" data-end=\"2028\">\u201cThe Climate Emergency in Europe\u201d<\/strong>, delivered by Mar Santamar\u00eda, co-founder of <a href=\"https:\/\/300000kms.net\/\">300.000 Km\/s<\/a>, and Albert Soret from the\u00a0<a href=\"https:\/\/www.bsc.es\/\"><em data-start=\"2113\" data-end=\"2152\">Barcelona Supercomputing Center (BSC)<\/em><\/a>. Their talk provided data and a scientific and forward-looking perspective on the climate crisis across the continent.<\/p>\n<\/div><\/div><div class=\"w-image align_center\"><div url class=\"w-image-h\"><img loading=\"lazy\" decoding=\"async\" width=\"980\" height=\"653\" src=\"https:\/\/aus.arquitectes.cat\/wp-content\/uploads\/2025\/11\/0K6A2678.jpg\" class=\"attachment-large size-large\" alt=\"\" srcset=\"https:\/\/aus.arquitectes.cat\/wp-content\/uploads\/2025\/11\/0K6A2678.jpg 980w, https:\/\/aus.arquitectes.cat\/wp-content\/uploads\/2025\/11\/0K6A2678-300x200.jpg 300w\" sizes=\"(max-width: 980px) 100vw, 980px\" \/><\/div><\/div><div class=\"wpb_text_column\"><div class=\"wpb_wrapper\"><h5><\/h5>\n<h5 data-start=\"2275\" data-end=\"2312\">Session 1 \u00b7 Agendas for Change<\/h5>\n<p data-start=\"2313\" data-end=\"3048\">Moderated by Dolores Huerta (<a href=\"https:\/\/gbce.es\/\">GBCe<\/a>), the first session analyzed how decarbonization policies are being integrated with housing access policies, through a strategic and territorial planning perspective. It also addressed instruments of the EPBD and the potential of their transposition at the national level, such as the CTE, the National Renovation Plan, and the Renovation Passport. Participants included Marcos Ros (European Parliament), Albert Cuch\u00ed (former president of AuS), Mar\u00eda Teresa Verd\u00fa (MIVAU), Albert Sagrera, and Joaquim Arcas, current Vice President and member of AuS, respectively. Together, they offered complementary technical and political perspectives on how to make the decarbonization of architecture a reality.<\/p>\n<\/div><\/div><div class=\"w-image align_center\"><div url class=\"w-image-h\"><img loading=\"lazy\" decoding=\"async\" width=\"980\" height=\"653\" src=\"https:\/\/aus.arquitectes.cat\/wp-content\/uploads\/2025\/11\/0K6A2788.jpg\" class=\"attachment-large size-large\" alt=\"\" srcset=\"https:\/\/aus.arquitectes.cat\/wp-content\/uploads\/2025\/11\/0K6A2788.jpg 980w, https:\/\/aus.arquitectes.cat\/wp-content\/uploads\/2025\/11\/0K6A2788-300x200.jpg 300w\" sizes=\"(max-width: 980px) 100vw, 980px\" \/><\/div><\/div><div class=\"wpb_text_column\"><div class=\"wpb_wrapper\"><h5><\/h5>\n<h5 data-start=\"3050\" data-end=\"3123\">Session 2 \u00b7 Renovation: Improving Our Lives, Homes, and Cities<\/h5>\n<p data-start=\"3124\" data-end=\"3573\">Moderated by Sandra Bestraten, Barcelona President of the COAC and member of AuS, this session showcased transformative projects such as <em data-start=\"3267\" data-end=\"3279\">La Bombeta<\/em>\u00a0(<a href=\"https:\/\/lacol.coop\/\">Lacol<\/a> and <a href=\"https:\/\/societatorganica.com\/en\/\">Societat Org\u00e0nica<\/a>),\u00a0<em data-start=\"3311\" data-end=\"3329\">The Cosmopolitan<\/em>\u00a0(<a href=\"https:\/\/www.bogdan.design\/\">&amp;bogdan<\/a>), rural housing renovations in Alt Pirineu (<a href=\"https:\/\/coopdera.org\/\">Coop d\u2019Era<\/a>), and the\u00a0<a href=\"https:\/\/prodis.cat\/\"><em data-start=\"3404\" data-end=\"3423\">Prodis Foundation<\/em><\/a>\u00a0(<a href=\"https:\/\/www.harquitectes.com\/en\/\">Harquitectes<\/a>). Each project demonstrated how renovation goes far beyond energy efficiency, contributing to inclusion, health, and quality of life.<\/p>\n<\/div><\/div><div class=\"w-image align_center\"><div url class=\"w-image-h\"><img loading=\"lazy\" decoding=\"async\" width=\"980\" height=\"653\" src=\"https:\/\/aus.arquitectes.cat\/wp-content\/uploads\/2025\/11\/0K6A3613.jpg\" class=\"attachment-large size-large\" alt=\"\" srcset=\"https:\/\/aus.arquitectes.cat\/wp-content\/uploads\/2025\/11\/0K6A3613.jpg 980w, https:\/\/aus.arquitectes.cat\/wp-content\/uploads\/2025\/11\/0K6A3613-300x200.jpg 300w\" sizes=\"(max-width: 980px) 100vw, 980px\" \/><\/div><\/div><div class=\"wpb_text_column\"><div class=\"wpb_wrapper\"><h5><\/h5>\n<h5 data-start=\"3575\" data-end=\"3620\">Session 3 \u00b7 The \u201cNew\u201d New Construction<\/h5>\n<p data-start=\"3621\" data-end=\"4245\">Moderated by Albert Sagrera, Vice President of AuS, this session presented outstanding practices in biomaterials, circularity, and energy efficiency. Highlights included projects by Jade Serra (<a href=\"https:\/\/www.slowstudio.es\/\">Slowstudio<\/a>), Vice President of AuS, together with Jes\u00fas Alonso and Figueras (<a href=\"https:\/\/alfibiocons.com\/\">ALFI biocons SL<\/a>), focusing on bioclimatic design and responsible single-family housing construction. The <em data-start=\"3984\" data-end=\"4001\">Hortus Building<\/em>\u00a0and\u00a0<em data-start=\"4006\" data-end=\"4024\">Ricola Warehouse<\/em>\u00a0were presented by Alexander Franz (<a href=\"https:\/\/www.herzogdemeuron.com\/\">Herzog &amp; de Meuron<\/a>); 17 social housing units featuring local biomaterial innovation by Sara Ferran (<a href=\"https:\/\/www.taller11.cat\/\"><em data-start=\"4160\" data-end=\"4170\">taller11<\/em><\/a>); and a talk on circularity by Juan Pablo Herrero (<a href=\"https:\/\/www.effekt.dk\/\"><em data-start=\"4222\" data-end=\"4241\">EFFEKT Arkitekter<\/em><\/a>).<\/p>\n<p><b><i>\u00a0<\/i><\/b><\/p>\n<\/div><\/div><div class=\"w-image align_center\"><div url class=\"w-image-h\"><img loading=\"lazy\" decoding=\"async\" width=\"980\" height=\"653\" src=\"https:\/\/aus.arquitectes.cat\/wp-content\/uploads\/2025\/11\/0K6A3705.jpg\" class=\"attachment-large size-large\" alt=\"\" srcset=\"https:\/\/aus.arquitectes.cat\/wp-content\/uploads\/2025\/11\/0K6A3705.jpg 980w, https:\/\/aus.arquitectes.cat\/wp-content\/uploads\/2025\/11\/0K6A3705-300x200.jpg 300w\" sizes=\"(max-width: 980px) 100vw, 980px\" \/><\/div><\/div><div class=\"wpb_text_column\"><div class=\"wpb_wrapper\"><h5><\/h5>\n<h5 data-start=\"4247\" data-end=\"4297\">Final Round Table \u00b7 A Vision for the Future<\/h5>\n<p data-start=\"4298\" data-end=\"4713\">Moderated by Greta Tresserra, President of AuS, the final round table brought together both international and local voices, with participants Sorcha Edwards (<a href=\"https:\/\/www.housingeurope.eu\/\"><em data-start=\"4456\" data-end=\"4472\">Housing Europe<\/em><\/a>), Ruth Schagemann (<em data-start=\"4492\" data-end=\"4497\">BAK<\/em>), and Maite Sainz de la Maza (<a href=\"https:\/\/www.fetdeterra.com\/en\/\"><em data-start=\"4528\" data-end=\"4540\">Fetdeterra<\/em><\/a>). The discussion focused on the importance of innovation and on the actions required by each actor in the sector to make climate neutrality a feasible and realistic goal.<\/p>\n<\/div><\/div><div class=\"w-image align_center\"><div url class=\"w-image-h\"><img loading=\"lazy\" decoding=\"async\" width=\"980\" height=\"653\" src=\"https:\/\/aus.arquitectes.cat\/wp-content\/uploads\/2025\/11\/0K6A4241.jpg\" class=\"attachment-large size-large\" alt=\"\" srcset=\"https:\/\/aus.arquitectes.cat\/wp-content\/uploads\/2025\/11\/0K6A4241.jpg 980w, https:\/\/aus.arquitectes.cat\/wp-content\/uploads\/2025\/11\/0K6A4241-300x200.jpg 300w\" sizes=\"(max-width: 980px) 100vw, 980px\" \/><\/div><\/div><div class=\"wpb_text_column\"><div class=\"wpb_wrapper\"><h3><\/h3>\n<h3>Site Visits \u2013 October 22<\/h3>\n<\/div><\/div><div class=\"g-cols wpb_row via_grid cols_2 laptops-cols_inherit tablets-cols_inherit mobiles-cols_1 valign_top type_default stacking_default\"><div class=\"wpb_column vc_column_container\"><div class=\"vc_column-inner\"><div class=\"w-image align_center\"><div url class=\"w-image-h\"><img loading=\"lazy\" decoding=\"async\" width=\"1024\" height=\"771\" src=\"https:\/\/aus.arquitectes.cat\/wp-content\/uploads\/2025\/11\/WhatsApp-Image-2025-10-22-at-13.00.01-1024x771.jpeg\" class=\"attachment-large size-large\" alt=\"\" srcset=\"https:\/\/aus.arquitectes.cat\/wp-content\/uploads\/2025\/11\/WhatsApp-Image-2025-10-22-at-13.00.01-1024x771.jpeg 1024w, https:\/\/aus.arquitectes.cat\/wp-content\/uploads\/2025\/11\/WhatsApp-Image-2025-10-22-at-13.00.01-300x226.jpeg 300w, https:\/\/aus.arquitectes.cat\/wp-content\/uploads\/2025\/11\/WhatsApp-Image-2025-10-22-at-13.00.01.jpeg 1600w\" sizes=\"(max-width: 1024px) 100vw, 1024px\" \/><\/div><\/div><\/div><\/div><div class=\"wpb_column vc_column_container\"><div class=\"vc_column-inner\"><div class=\"w-image align_center\"><div url class=\"w-image-h\"><img loading=\"lazy\" decoding=\"async\" width=\"1024\" height=\"771\" src=\"https:\/\/aus.arquitectes.cat\/wp-content\/uploads\/2025\/11\/WhatsApp-Image-2025-10-22-at-10.46.27-1-1024x771.jpeg\" class=\"attachment-large size-large\" alt=\"\" srcset=\"https:\/\/aus.arquitectes.cat\/wp-content\/uploads\/2025\/11\/WhatsApp-Image-2025-10-22-at-10.46.27-1-1024x771.jpeg 1024w, https:\/\/aus.arquitectes.cat\/wp-content\/uploads\/2025\/11\/WhatsApp-Image-2025-10-22-at-10.46.27-1-300x226.jpeg 300w, https:\/\/aus.arquitectes.cat\/wp-content\/uploads\/2025\/11\/WhatsApp-Image-2025-10-22-at-10.46.27-1.jpeg 1600w\" sizes=\"(max-width: 1024px) 100vw, 1024px\" \/><\/div><\/div><\/div><\/div><\/div><div class=\"wpb_text_column\"><div class=\"wpb_wrapper\"><p data-start=\"4752\" data-end=\"5219\">The following day, as a new feature of this edition, visits were organized to exemplary projects in Barcelona:\u00a0<em data-start=\"4863\" data-end=\"4875\">La Comunal<\/em>\u00a0and\u00a0<em data-start=\"4880\" data-end=\"4904\">La Lleialtat Santsenca<\/em>\u00a0(Sants), social housing developments in Sant Mart\u00ed and Ciutat Vella, and the\u00a0<em data-start=\"4982\" data-end=\"5015\">Can Portabella Community Center<\/em>\u00a0(Sant Andreu). Many AuS members took part, sharing their experience and direct involvement in implementing sustainable solutions that integrate efficiency, responsible materials, and social commitment.<\/p>\n<p data-start=\"5221\" data-end=\"5336\">This experience is expected to be repeated in the coming months with other AuS members who were unable to attend.<\/p>\n<\/div><\/div><div class=\"w-image align_center\"><div url class=\"w-image-h\"><img loading=\"lazy\" decoding=\"async\" width=\"980\" height=\"653\" src=\"https:\/\/aus.arquitectes.cat\/wp-content\/uploads\/2025\/11\/0K6A2969.jpg\" class=\"attachment-large size-large\" alt=\"\" srcset=\"https:\/\/aus.arquitectes.cat\/wp-content\/uploads\/2025\/11\/0K6A2969.jpg 980w, https:\/\/aus.arquitectes.cat\/wp-content\/uploads\/2025\/11\/0K6A2969-300x200.jpg 300w\" sizes=\"(max-width: 980px) 100vw, 980px\" \/><\/div><\/div><div class=\"wpb_text_column\"><div class=\"wpb_wrapper\"><p>Overall,\u00a0<strong data-start=\"5352\" data-end=\"5389\">\u201cDecarbonizing Architecture 2025\u201d<\/strong>\u00a0highlighted the central role of AuS as a driving force for innovation in the sector. Thanks to the active participation of its board and members, the association reaffirmed its commitment as a national and international reference point and a key platform for debate.<\/p>\n<\/div><\/div><\/div><\/div><div class=\"wpb_column vc_column_container\"><div class=\"vc_column-inner\"><\/div><\/div><\/div><\/div><\/section>\n","protected":false},"excerpt":{"rendered":"On Tuesday, October 21,\u00a0Arquitectes per la Sostenibilitat\u00a0(AuS), together with the\u00a0Col\u00b7legi d\u2019Arquitectes de Catalunya\u00a0(COAC), the CSCAE and the ACE-CAE, organized the fourth edition of the conference\u00a0\u201cDecarbonizing Architecture\u201d, a key event for discussing the ecological transition of the architectural sector and of great importance for the AuS group. Once again presented by meteorologist Francesc Mauri, the conference...","protected":false},"author":1,"featured_media":14518,"comment_status":"closed","ping_status":"closed","sticky":false,"template":"","format":"standard","meta":{"footnotes":""},"categories":[29],"tags":[],"yoast_head":"<!-- This site is optimized with the Yoast SEO plugin v22.9 - https:\/\/yoast.com\/wordpress\/plugins\/seo\/ -->\n<title>4th Edition of &quot;Decarbonizing Architecture&quot; - AUS Arquitectes<\/title>\n<meta name=\"robots\" content=\"index, follow, max-snippet:-1, max-image-preview:large, max-video-preview:-1\" \/>\n<link rel=\"canonical\" href=\"https:\/\/aus.arquitectes.cat\/en\/4a-edicio-de-descarbonitzant-larquitectura-2\/\" \/>\n<meta property=\"og:locale\" content=\"en_US\" \/>\n<meta property=\"og:type\" content=\"article\" \/>\n<meta property=\"og:title\" content=\"4th Edition of &quot;Decarbonizing Architecture&quot; - AUS Arquitectes\" \/>\n<meta property=\"og:url\" content=\"https:\/\/aus.arquitectes.cat\/en\/4a-edicio-de-descarbonitzant-larquitectura-2\/\" \/>\n<meta property=\"og:site_name\" content=\"AUS Arquitectes\" \/>\n<meta property=\"article:published_time\" content=\"2025-11-05T09:39:19+00:00\" \/>\n<meta property=\"article:modified_time\" content=\"2025-11-06T12:34:58+00:00\" \/>\n<meta property=\"og:image\" content=\"https:\/\/aus.arquitectes.cat\/wp-content\/uploads\/2025\/11\/Banner_1400x300px-2.png\" \/>\n\t<meta property=\"og:image:width\" content=\"1400\" \/>\n\t<meta property=\"og:image:height\" content=\"300\" \/>\n\t<meta property=\"og:image:type\" content=\"image\/png\" \/>\n<meta name=\"author\" content=\"Aus Arquitectes\" \/>\n<meta name=\"twitter:card\" content=\"summary_large_image\" \/>\n<meta name=\"twitter:label1\" content=\"Written by\" \/>\n\t<meta name=\"twitter:data1\" content=\"Aus Arquitectes\" \/>\n\t<meta name=\"twitter:label2\" content=\"Est. reading time\" \/>\n\t<meta name=\"twitter:data2\" content=\"6 minutes\" \/>\n<script type=\"application\/ld+json\" class=\"yoast-schema-graph\">{\"@context\":\"https:\/\/schema.org\",\"@graph\":[{\"@type\":\"WebPage\",\"@id\":\"https:\/\/aus.arquitectes.cat\/en\/4a-edicio-de-descarbonitzant-larquitectura-2\/\",\"url\":\"https:\/\/aus.arquitectes.cat\/en\/4a-edicio-de-descarbonitzant-larquitectura-2\/\",\"name\":\"4th Edition of \\\"Decarbonizing Architecture\\\" - AUS Arquitectes\",\"isPartOf\":{\"@id\":\"https:\/\/aus.arquitectes.cat\/#website\"},\"primaryImageOfPage\":{\"@id\":\"https:\/\/aus.arquitectes.cat\/en\/4a-edicio-de-descarbonitzant-larquitectura-2\/#primaryimage\"},\"image\":{\"@id\":\"https:\/\/aus.arquitectes.cat\/en\/4a-edicio-de-descarbonitzant-larquitectura-2\/#primaryimage\"},\"thumbnailUrl\":\"https:\/\/aus.arquitectes.cat\/wp-content\/uploads\/2025\/11\/Banner_1400x300px-2.png\",\"datePublished\":\"2025-11-05T09:39:19+00:00\",\"dateModified\":\"2025-11-06T12:34:58+00:00\",\"author\":{\"@id\":\"https:\/\/aus.arquitectes.cat\/#\/schema\/person\/68e683ebcd4ef31cbfbcd311fae01f97\"},\"breadcrumb\":{\"@id\":\"https:\/\/aus.arquitectes.cat\/en\/4a-edicio-de-descarbonitzant-larquitectura-2\/#breadcrumb\"},\"inLanguage\":\"en-US\",\"potentialAction\":[{\"@type\":\"ReadAction\",\"target\":[\"https:\/\/aus.arquitectes.cat\/en\/4a-edicio-de-descarbonitzant-larquitectura-2\/\"]}]},{\"@type\":\"ImageObject\",\"inLanguage\":\"en-US\",\"@id\":\"https:\/\/aus.arquitectes.cat\/en\/4a-edicio-de-descarbonitzant-larquitectura-2\/#primaryimage\",\"url\":\"https:\/\/aus.arquitectes.cat\/wp-content\/uploads\/2025\/11\/Banner_1400x300px-2.png\",\"contentUrl\":\"https:\/\/aus.arquitectes.cat\/wp-content\/uploads\/2025\/11\/Banner_1400x300px-2.png\",\"width\":1400,\"height\":300},{\"@type\":\"BreadcrumbList\",\"@id\":\"https:\/\/aus.arquitectes.cat\/en\/4a-edicio-de-descarbonitzant-larquitectura-2\/#breadcrumb\",\"itemListElement\":[{\"@type\":\"ListItem\",\"position\":1,\"name\":\"Portada\",\"item\":\"https:\/\/aus.arquitectes.cat\/en\/\"},{\"@type\":\"ListItem\",\"position\":2,\"name\":\"4th Edition of &#8220;Decarbonizing Architecture&#8221;\"}]},{\"@type\":\"WebSite\",\"@id\":\"https:\/\/aus.arquitectes.cat\/#website\",\"url\":\"https:\/\/aus.arquitectes.cat\/\",\"name\":\"AUS Arquitectes\",\"description\":\"\",\"potentialAction\":[{\"@type\":\"SearchAction\",\"target\":{\"@type\":\"EntryPoint\",\"urlTemplate\":\"https:\/\/aus.arquitectes.cat\/?s={search_term_string}\"},\"query-input\":\"required name=search_term_string\"}],\"inLanguage\":\"en-US\"},{\"@type\":\"Person\",\"@id\":\"https:\/\/aus.arquitectes.cat\/#\/schema\/person\/68e683ebcd4ef31cbfbcd311fae01f97\",\"name\":\"Aus Arquitectes\",\"sameAs\":[\"https:\/\/aus.tctprojects.com\"],\"url\":\"https:\/\/aus.arquitectes.cat\/en\/author\/c3sc\/\"}]}<\/script>\n<!-- \/ Yoast SEO plugin. -->","yoast_head_json":{"title":"4th Edition of \"Decarbonizing Architecture\" - AUS Arquitectes","robots":{"index":"index","follow":"follow","max-snippet":"max-snippet:-1","max-image-preview":"max-image-preview:large","max-video-preview":"max-video-preview:-1"},"canonical":"https:\/\/aus.arquitectes.cat\/en\/4a-edicio-de-descarbonitzant-larquitectura-2\/","og_locale":"en_US","og_type":"article","og_title":"4th Edition of \"Decarbonizing Architecture\" - AUS Arquitectes","og_url":"https:\/\/aus.arquitectes.cat\/en\/4a-edicio-de-descarbonitzant-larquitectura-2\/","og_site_name":"AUS Arquitectes","article_published_time":"2025-11-05T09:39:19+00:00","article_modified_time":"2025-11-06T12:34:58+00:00","og_image":[{"width":1400,"height":300,"url":"https:\/\/aus.arquitectes.cat\/wp-content\/uploads\/2025\/11\/Banner_1400x300px-2.png","type":"image\/png"}],"author":"Aus Arquitectes","twitter_card":"summary_large_image","twitter_misc":{"Written by":"Aus Arquitectes","Est. reading time":"6 minutes"},"schema":{"@context":"https:\/\/schema.org","@graph":[{"@type":"WebPage","@id":"https:\/\/aus.arquitectes.cat\/en\/4a-edicio-de-descarbonitzant-larquitectura-2\/","url":"https:\/\/aus.arquitectes.cat\/en\/4a-edicio-de-descarbonitzant-larquitectura-2\/","name":"4th Edition of \"Decarbonizing Architecture\" - AUS Arquitectes","isPartOf":{"@id":"https:\/\/aus.arquitectes.cat\/#website"},"primaryImageOfPage":{"@id":"https:\/\/aus.arquitectes.cat\/en\/4a-edicio-de-descarbonitzant-larquitectura-2\/#primaryimage"},"image":{"@id":"https:\/\/aus.arquitectes.cat\/en\/4a-edicio-de-descarbonitzant-larquitectura-2\/#primaryimage"},"thumbnailUrl":"https:\/\/aus.arquitectes.cat\/wp-content\/uploads\/2025\/11\/Banner_1400x300px-2.png","datePublished":"2025-11-05T09:39:19+00:00","dateModified":"2025-11-06T12:34:58+00:00","author":{"@id":"https:\/\/aus.arquitectes.cat\/#\/schema\/person\/68e683ebcd4ef31cbfbcd311fae01f97"},"breadcrumb":{"@id":"https:\/\/aus.arquitectes.cat\/en\/4a-edicio-de-descarbonitzant-larquitectura-2\/#breadcrumb"},"inLanguage":"en-US","potentialAction":[{"@type":"ReadAction","target":["https:\/\/aus.arquitectes.cat\/en\/4a-edicio-de-descarbonitzant-larquitectura-2\/"]}]},{"@type":"ImageObject","inLanguage":"en-US","@id":"https:\/\/aus.arquitectes.cat\/en\/4a-edicio-de-descarbonitzant-larquitectura-2\/#primaryimage","url":"https:\/\/aus.arquitectes.cat\/wp-content\/uploads\/2025\/11\/Banner_1400x300px-2.png","contentUrl":"https:\/\/aus.arquitectes.cat\/wp-content\/uploads\/2025\/11\/Banner_1400x300px-2.png","width":1400,"height":300},{"@type":"BreadcrumbList","@id":"https:\/\/aus.arquitectes.cat\/en\/4a-edicio-de-descarbonitzant-larquitectura-2\/#breadcrumb","itemListElement":[{"@type":"ListItem","position":1,"name":"Portada","item":"https:\/\/aus.arquitectes.cat\/en\/"},{"@type":"ListItem","position":2,"name":"4th Edition of &#8220;Decarbonizing Architecture&#8221;"}]},{"@type":"WebSite","@id":"https:\/\/aus.arquitectes.cat\/#website","url":"https:\/\/aus.arquitectes.cat\/","name":"AUS Arquitectes","description":"","potentialAction":[{"@type":"SearchAction","target":{"@type":"EntryPoint","urlTemplate":"https:\/\/aus.arquitectes.cat\/?s={search_term_string}"},"query-input":"required name=search_term_string"}],"inLanguage":"en-US"},{"@type":"Person","@id":"https:\/\/aus.arquitectes.cat\/#\/schema\/person\/68e683ebcd4ef31cbfbcd311fae01f97","name":"Aus Arquitectes","sameAs":["https:\/\/aus.tctprojects.com"],"url":"https:\/\/aus.arquitectes.cat\/en\/author\/c3sc\/"}]}},"_links":{"self":[{"href":"https:\/\/aus.arquitectes.cat\/en\/wp-json\/wp\/v2\/posts\/14607"}],"collection":[{"href":"https:\/\/aus.arquitectes.cat\/en\/wp-json\/wp\/v2\/posts"}],"about":[{"href":"https:\/\/aus.arquitectes.cat\/en\/wp-json\/wp\/v2\/types\/post"}],"author":[{"embeddable":true,"href":"https:\/\/aus.arquitectes.cat\/en\/wp-json\/wp\/v2\/users\/1"}],"replies":[{"embeddable":true,"href":"https:\/\/aus.arquitectes.cat\/en\/wp-json\/wp\/v2\/comments?post=14607"}],"version-history":[{"count":5,"href":"https:\/\/aus.arquitectes.cat\/en\/wp-json\/wp\/v2\/posts\/14607\/revisions"}],"predecessor-version":[{"id":14624,"href":"https:\/\/aus.arquitectes.cat\/en\/wp-json\/wp\/v2\/posts\/14607\/revisions\/14624"}],"wp:featuredmedia":[{"embeddable":true,"href":"https:\/\/aus.arquitectes.cat\/en\/wp-json\/wp\/v2\/media\/14518"}],"wp:attachment":[{"href":"https:\/\/aus.arquitectes.cat\/en\/wp-json\/wp\/v2\/media?parent=14607"}],"wp:term":[{"taxonomy":"category","embeddable":true,"href":"https:\/\/aus.arquitectes.cat\/en\/wp-json\/wp\/v2\/categories?post=14607"},{"taxonomy":"post_tag","embeddable":true,"href":"https:\/\/aus.arquitectes.cat\/en\/wp-json\/wp\/v2\/tags?post=14607"}],"curies":[{"name":"wp","href":"https:\/\/api.w.org\/{rel}","templated":true}]}}