{"id":13375,"date":"2022-10-17T18:51:06","date_gmt":"2022-10-17T18:51:06","guid":{"rendered":"https:\/\/aus.arquitectes.cat\/?p=13375"},"modified":"2024-04-05T05:40:30","modified_gmt":"2024-04-05T05:40:30","slug":"jornada-sobre-la-descarbonizacion-de-la-arquitectura-17%c2%b711-2022","status":"publish","type":"post","link":"https:\/\/aus.arquitectes.cat\/es\/jornada-sobre-la-descarbonizacion-de-la-arquitectura-17%c2%b711-2022\/","title":{"rendered":"Jornada sobre la descarbonizaci\u00f3n de la arquitectura                                             17\u00b711.2022"},"content":{"rendered":"<p>El pasado <strong>17 de noviembre<\/strong>, <strong>el COAC y el CSCAE<\/strong> organiz\u00f3 una jornada sobre la <strong>descarbonizaci\u00f3n de la arquitectura<\/strong>, concebida para<strong> informar al colectivo de arquitectos<\/strong> sobre los retos que la descarbonizaci\u00f3n proyecta sobre el ejercicio profesional.<\/p>\n<p>La jornada pretende <strong>promover un cambio de visi\u00f3n<\/strong> que permita que la profesi\u00f3n sea un activo determinante en la transici\u00f3n hacia una sociedad descarbonizada. Tambi\u00e9n propone liderar una <strong>Agenda 2026<\/strong> que aproveche al m\u00e1ximo los nuevos instrumentos que plantea el borrador de la nueva versi\u00f3n de la <strong>Directiva Europea de Eficiencia Energ\u00e9tica de los Edificios (EPBD).<\/strong><\/p>\n<p>La sesi\u00f3n, por lo tanto, servir\u00e1 para escenificar el compromiso con esta <strong>Agenda 2026<\/strong>, un documento que nos permita <strong>liderar el cambio<\/strong> y asociarnos con las <strong>principales agen<\/strong><\/p>\n<p><strong>das de descarbonizaci\u00f3n<\/strong> promovidas por otros agentes del sector.<\/p>\n<p>Contaremos con la participaci\u00f3n del eurodiputado del Parlamento Europeo, <strong>Marcos Ros Sempere<\/strong>, el director general de Agenda Urbana y Arquitectura del Ministerio de Transportes, Movilidad y Agenda Urbana, <strong>I\u00f1aqui Carnicero<\/strong>, la presidenta del Consejo de Arquitectos de Europa (CAE), <strong>Ruth Schagemann,<\/strong> la presidenta del CSCAE, <strong>Marta Vall-Llosera<\/strong>, y el decano del COAC, <strong>Guim Costa.<\/strong><\/p>\n<p>El programa de la sesi\u00f3n fue el siguiente:<\/p>\n<p><strong>9:00 h &#8211; Inicio de la jornada<\/strong><br \/>\n<strong>9:15 h \u2013 Bienvenida <\/strong><br \/>\n<strong>10:00 h \u2013 Sesi\u00f3n 1: Las agendas del cambio<\/strong><br \/>\n12:00 h \u2013 Pausa caf\u00e9 <strong>12:20 h \u2013 Sesi\u00f3n 2: Los instrumentos clave<\/strong><br \/>\n14:00 h \u2013 Pausa <strong>15:30 h \u2013 Sesi\u00f3n 3: El gran reto: materiales sostenibles y estrategias bioclim\u00e1ticas<\/strong><br \/>\n<strong>17:15 h \u2013 Workshops <\/strong><br \/>\n<strong>18:15 h \u2013 Clausura: hacia una agenda com\u00fan<\/strong><\/p>\n<p><a href=\"https:\/\/www.arquitectes.cat\/ca\/system\/files\/users\/127\/programa_descarbonitzant-arquitectura_cat.pdf\" target=\"_blank\" rel=\"noreferrer noopener\"><strong>Desc\u00e1rgate el programa completo!<\/strong><\/a><\/p>\n<p><iframe loading=\"lazy\" title=\"DESCARBONIZANDO LA ARQUITECTURA\" width=\"640\" height=\"360\" src=\"https:\/\/www.youtube.com\/embed\/videoseries?list=PLT4WZzShnJ7et_GmHeFfcpBTHqE9RpZ6i\" frameborder=\"0\" allow=\"accelerometer; autoplay; clipboard-write; encrypted-media; gyroscope; picture-in-picture; web-share\" referrerpolicy=\"strict-origin-when-cross-origin\" allowfullscreen><\/iframe><\/p>\n<p>&nbsp;<\/p>\n<p>&nbsp;<\/p>\n","protected":false},"excerpt":{"rendered":"<p>El pasado 17 de noviembre, el COAC y el CSCAE organiz\u00f3 una jornada sobre la descarbonizaci\u00f3n de la arquitectura, concebida para informar al colectivo de arquitectos sobre los retos que la descarbonizaci\u00f3n proyecta sobre el ejercicio profesional. La jornada pretende promover un cambio de visi\u00f3n que permita que la profesi\u00f3n sea un activo determinante en&#8230;<\/p>\n","protected":false},"author":1,"featured_media":12549,"comment_status":"open","ping_status":"open","sticky":false,"template":"","format":"standard","meta":{"footnotes":""},"categories":[30],"tags":[],"yoast_head":"<!-- This site is optimized with the Yoast SEO plugin v22.9 - https:\/\/yoast.com\/wordpress\/plugins\/seo\/ -->\n<title>Jornada sobre la descarbonizaci\u00f3n de la arquitectura                       17\u00b711.2022 - AUS Arquitectes<\/title>\n<meta name=\"robots\" content=\"index, follow, max-snippet:-1, max-image-preview:large, max-video-preview:-1\" \/>\n<link rel=\"canonical\" href=\"https:\/\/aus.arquitectes.cat\/es\/jornada-sobre-la-descarbonizacion-de-la-arquitectura-17\u00b711-2022\/\" \/>\n<meta property=\"og:locale\" content=\"es_ES\" \/>\n<meta property=\"og:type\" content=\"article\" \/>\n<meta property=\"og:title\" content=\"Jornada sobre la descarbonizaci\u00f3n de la arquitectura                       17\u00b711.2022 - AUS Arquitectes\" \/>\n<meta property=\"og:description\" content=\"El pasado 17 de noviembre, el COAC y el CSCAE organiz\u00f3 una jornada sobre la descarbonizaci\u00f3n de la arquitectura, concebida para informar al colectivo de arquitectos sobre los retos que la descarbonizaci\u00f3n proyecta sobre el ejercicio profesional. La jornada pretende promover un cambio de visi\u00f3n que permita que la profesi\u00f3n sea un activo determinante en...\" \/>\n<meta property=\"og:url\" content=\"https:\/\/aus.arquitectes.cat\/es\/jornada-sobre-la-descarbonizacion-de-la-arquitectura-17\u00b711-2022\/\" \/>\n<meta property=\"og:site_name\" content=\"AUS Arquitectes\" \/>\n<meta property=\"article:published_time\" content=\"2022-10-17T18:51:06+00:00\" \/>\n<meta property=\"article:modified_time\" content=\"2024-04-05T05:40:30+00:00\" \/>\n<meta property=\"og:image\" content=\"https:\/\/aus.arquitectes.cat\/wp-content\/uploads\/2022\/10\/microsoftteams-image_32_3.png\" \/>\n\t<meta property=\"og:image:width\" content=\"1280\" \/>\n\t<meta property=\"og:image:height\" content=\"782\" \/>\n\t<meta property=\"og:image:type\" content=\"image\/png\" \/>\n<meta name=\"author\" content=\"Aus Arquitectes\" \/>\n<meta name=\"twitter:card\" content=\"summary_large_image\" \/>\n<meta name=\"twitter:label1\" content=\"Escrito por\" \/>\n\t<meta name=\"twitter:data1\" content=\"Aus Arquitectes\" \/>\n\t<meta name=\"twitter:label2\" content=\"Tiempo de lectura\" \/>\n\t<meta name=\"twitter:data2\" content=\"2 minutos\" \/>\n<script type=\"application\/ld+json\" class=\"yoast-schema-graph\">{\"@context\":\"https:\/\/schema.org\",\"@graph\":[{\"@type\":\"WebPage\",\"@id\":\"https:\/\/aus.arquitectes.cat\/es\/jornada-sobre-la-descarbonizacion-de-la-arquitectura-17%c2%b711-2022\/\",\"url\":\"https:\/\/aus.arquitectes.cat\/es\/jornada-sobre-la-descarbonizacion-de-la-arquitectura-17%c2%b711-2022\/\",\"name\":\"Jornada sobre la descarbonizaci\u00f3n de la arquitectura 17\u00b711.2022 - AUS Arquitectes\",\"isPartOf\":{\"@id\":\"https:\/\/aus.arquitectes.cat\/#website\"},\"primaryImageOfPage\":{\"@id\":\"https:\/\/aus.arquitectes.cat\/es\/jornada-sobre-la-descarbonizacion-de-la-arquitectura-17%c2%b711-2022\/#primaryimage\"},\"image\":{\"@id\":\"https:\/\/aus.arquitectes.cat\/es\/jornada-sobre-la-descarbonizacion-de-la-arquitectura-17%c2%b711-2022\/#primaryimage\"},\"thumbnailUrl\":\"https:\/\/aus.arquitectes.cat\/wp-content\/uploads\/2022\/10\/microsoftteams-image_32_3.png\",\"datePublished\":\"2022-10-17T18:51:06+00:00\",\"dateModified\":\"2024-04-05T05:40:30+00:00\",\"author\":{\"@id\":\"https:\/\/aus.arquitectes.cat\/#\/schema\/person\/68e683ebcd4ef31cbfbcd311fae01f97\"},\"breadcrumb\":{\"@id\":\"https:\/\/aus.arquitectes.cat\/es\/jornada-sobre-la-descarbonizacion-de-la-arquitectura-17%c2%b711-2022\/#breadcrumb\"},\"inLanguage\":\"es\",\"potentialAction\":[{\"@type\":\"ReadAction\",\"target\":[\"https:\/\/aus.arquitectes.cat\/es\/jornada-sobre-la-descarbonizacion-de-la-arquitectura-17%c2%b711-2022\/\"]}]},{\"@type\":\"ImageObject\",\"inLanguage\":\"es\",\"@id\":\"https:\/\/aus.arquitectes.cat\/es\/jornada-sobre-la-descarbonizacion-de-la-arquitectura-17%c2%b711-2022\/#primaryimage\",\"url\":\"https:\/\/aus.arquitectes.cat\/wp-content\/uploads\/2022\/10\/microsoftteams-image_32_3.png\",\"contentUrl\":\"https:\/\/aus.arquitectes.cat\/wp-content\/uploads\/2022\/10\/microsoftteams-image_32_3.png\",\"width\":1280,\"height\":782,\"caption\":\"\u00a9 Col\u00b7legi d'Arquitectes de Catalunya (COAC)\"},{\"@type\":\"BreadcrumbList\",\"@id\":\"https:\/\/aus.arquitectes.cat\/es\/jornada-sobre-la-descarbonizacion-de-la-arquitectura-17%c2%b711-2022\/#breadcrumb\",\"itemListElement\":[{\"@type\":\"ListItem\",\"position\":1,\"name\":\"Portada\",\"item\":\"https:\/\/aus.arquitectes.cat\/es\/\"},{\"@type\":\"ListItem\",\"position\":2,\"name\":\"Jornada sobre la descarbonizaci\u00f3n de la arquitectura 17\u00b711.2022\"}]},{\"@type\":\"WebSite\",\"@id\":\"https:\/\/aus.arquitectes.cat\/#website\",\"url\":\"https:\/\/aus.arquitectes.cat\/\",\"name\":\"AUS Arquitectes\",\"description\":\"\",\"potentialAction\":[{\"@type\":\"SearchAction\",\"target\":{\"@type\":\"EntryPoint\",\"urlTemplate\":\"https:\/\/aus.arquitectes.cat\/?s={search_term_string}\"},\"query-input\":\"required name=search_term_string\"}],\"inLanguage\":\"es\"},{\"@type\":\"Person\",\"@id\":\"https:\/\/aus.arquitectes.cat\/#\/schema\/person\/68e683ebcd4ef31cbfbcd311fae01f97\",\"name\":\"Aus Arquitectes\",\"sameAs\":[\"https:\/\/aus.tctprojects.com\"],\"url\":\"https:\/\/aus.arquitectes.cat\/es\/author\/c3sc\/\"}]}<\/script>\n<!-- \/ Yoast SEO plugin. -->","yoast_head_json":{"title":"Jornada sobre la descarbonizaci\u00f3n de la arquitectura                       17\u00b711.2022 - AUS Arquitectes","robots":{"index":"index","follow":"follow","max-snippet":"max-snippet:-1","max-image-preview":"max-image-preview:large","max-video-preview":"max-video-preview:-1"},"canonical":"https:\/\/aus.arquitectes.cat\/es\/jornada-sobre-la-descarbonizacion-de-la-arquitectura-17\u00b711-2022\/","og_locale":"es_ES","og_type":"article","og_title":"Jornada sobre la descarbonizaci\u00f3n de la arquitectura                       17\u00b711.2022 - AUS Arquitectes","og_description":"El pasado 17 de noviembre, el COAC y el CSCAE organiz\u00f3 una jornada sobre la descarbonizaci\u00f3n de la arquitectura, concebida para informar al colectivo de arquitectos sobre los retos que la descarbonizaci\u00f3n proyecta sobre el ejercicio profesional. La jornada pretende promover un cambio de visi\u00f3n que permita que la profesi\u00f3n sea un activo determinante en...","og_url":"https:\/\/aus.arquitectes.cat\/es\/jornada-sobre-la-descarbonizacion-de-la-arquitectura-17\u00b711-2022\/","og_site_name":"AUS Arquitectes","article_published_time":"2022-10-17T18:51:06+00:00","article_modified_time":"2024-04-05T05:40:30+00:00","og_image":[{"width":1280,"height":782,"url":"https:\/\/aus.arquitectes.cat\/wp-content\/uploads\/2022\/10\/microsoftteams-image_32_3.png","type":"image\/png"}],"author":"Aus Arquitectes","twitter_card":"summary_large_image","twitter_misc":{"Escrito por":"Aus Arquitectes","Tiempo de lectura":"2 minutos"},"schema":{"@context":"https:\/\/schema.org","@graph":[{"@type":"WebPage","@id":"https:\/\/aus.arquitectes.cat\/es\/jornada-sobre-la-descarbonizacion-de-la-arquitectura-17%c2%b711-2022\/","url":"https:\/\/aus.arquitectes.cat\/es\/jornada-sobre-la-descarbonizacion-de-la-arquitectura-17%c2%b711-2022\/","name":"Jornada sobre la descarbonizaci\u00f3n de la arquitectura 17\u00b711.2022 - AUS Arquitectes","isPartOf":{"@id":"https:\/\/aus.arquitectes.cat\/#website"},"primaryImageOfPage":{"@id":"https:\/\/aus.arquitectes.cat\/es\/jornada-sobre-la-descarbonizacion-de-la-arquitectura-17%c2%b711-2022\/#primaryimage"},"image":{"@id":"https:\/\/aus.arquitectes.cat\/es\/jornada-sobre-la-descarbonizacion-de-la-arquitectura-17%c2%b711-2022\/#primaryimage"},"thumbnailUrl":"https:\/\/aus.arquitectes.cat\/wp-content\/uploads\/2022\/10\/microsoftteams-image_32_3.png","datePublished":"2022-10-17T18:51:06+00:00","dateModified":"2024-04-05T05:40:30+00:00","author":{"@id":"https:\/\/aus.arquitectes.cat\/#\/schema\/person\/68e683ebcd4ef31cbfbcd311fae01f97"},"breadcrumb":{"@id":"https:\/\/aus.arquitectes.cat\/es\/jornada-sobre-la-descarbonizacion-de-la-arquitectura-17%c2%b711-2022\/#breadcrumb"},"inLanguage":"es","potentialAction":[{"@type":"ReadAction","target":["https:\/\/aus.arquitectes.cat\/es\/jornada-sobre-la-descarbonizacion-de-la-arquitectura-17%c2%b711-2022\/"]}]},{"@type":"ImageObject","inLanguage":"es","@id":"https:\/\/aus.arquitectes.cat\/es\/jornada-sobre-la-descarbonizacion-de-la-arquitectura-17%c2%b711-2022\/#primaryimage","url":"https:\/\/aus.arquitectes.cat\/wp-content\/uploads\/2022\/10\/microsoftteams-image_32_3.png","contentUrl":"https:\/\/aus.arquitectes.cat\/wp-content\/uploads\/2022\/10\/microsoftteams-image_32_3.png","width":1280,"height":782,"caption":"\u00a9 Col\u00b7legi d'Arquitectes de Catalunya (COAC)"},{"@type":"BreadcrumbList","@id":"https:\/\/aus.arquitectes.cat\/es\/jornada-sobre-la-descarbonizacion-de-la-arquitectura-17%c2%b711-2022\/#breadcrumb","itemListElement":[{"@type":"ListItem","position":1,"name":"Portada","item":"https:\/\/aus.arquitectes.cat\/es\/"},{"@type":"ListItem","position":2,"name":"Jornada sobre la descarbonizaci\u00f3n de la arquitectura 17\u00b711.2022"}]},{"@type":"WebSite","@id":"https:\/\/aus.arquitectes.cat\/#website","url":"https:\/\/aus.arquitectes.cat\/","name":"AUS Arquitectes","description":"","potentialAction":[{"@type":"SearchAction","target":{"@type":"EntryPoint","urlTemplate":"https:\/\/aus.arquitectes.cat\/?s={search_term_string}"},"query-input":"required name=search_term_string"}],"inLanguage":"es"},{"@type":"Person","@id":"https:\/\/aus.arquitectes.cat\/#\/schema\/person\/68e683ebcd4ef31cbfbcd311fae01f97","name":"Aus Arquitectes","sameAs":["https:\/\/aus.tctprojects.com"],"url":"https:\/\/aus.arquitectes.cat\/es\/author\/c3sc\/"}]}},"_links":{"self":[{"href":"https:\/\/aus.arquitectes.cat\/es\/wp-json\/wp\/v2\/posts\/13375"}],"collection":[{"href":"https:\/\/aus.arquitectes.cat\/es\/wp-json\/wp\/v2\/posts"}],"about":[{"href":"https:\/\/aus.arquitectes.cat\/es\/wp-json\/wp\/v2\/types\/post"}],"author":[{"embeddable":true,"href":"https:\/\/aus.arquitectes.cat\/es\/wp-json\/wp\/v2\/users\/1"}],"replies":[{"embeddable":true,"href":"https:\/\/aus.arquitectes.cat\/es\/wp-json\/wp\/v2\/comments?post=13375"}],"version-history":[{"count":1,"href":"https:\/\/aus.arquitectes.cat\/es\/wp-json\/wp\/v2\/posts\/13375\/revisions"}],"predecessor-version":[{"id":13376,"href":"https:\/\/aus.arquitectes.cat\/es\/wp-json\/wp\/v2\/posts\/13375\/revisions\/13376"}],"wp:featuredmedia":[{"embeddable":true,"href":"https:\/\/aus.arquitectes.cat\/es\/wp-json\/wp\/v2\/media\/12549"}],"wp:attachment":[{"href":"https:\/\/aus.arquitectes.cat\/es\/wp-json\/wp\/v2\/media?parent=13375"}],"wp:term":[{"taxonomy":"category","embeddable":true,"href":"https:\/\/aus.arquitectes.cat\/es\/wp-json\/wp\/v2\/categories?post=13375"},{"taxonomy":"post_tag","embeddable":true,"href":"https:\/\/aus.arquitectes.cat\/es\/wp-json\/wp\/v2\/tags?post=13375"}],"curies":[{"name":"wp","href":"https:\/\/api.w.org\/{rel}","templated":true}]}}