{"id":13586,"date":"2024-06-27T19:36:52","date_gmt":"2024-06-27T19:36:52","guid":{"rendered":"https:\/\/aus.arquitectes.cat\/?p=13586"},"modified":"2024-06-29T08:54:41","modified_gmt":"2024-06-29T08:54:41","slug":"participacion-al-life-habitat-2024-congreso-internacional-de-ingenieria-arquitectura-salut-y-bienestar","status":"publish","type":"post","link":"https:\/\/aus.arquitectes.cat\/es\/participacion-al-life-habitat-2024-congreso-internacional-de-ingenieria-arquitectura-salut-y-bienestar\/","title":{"rendered":"Participaci\u00f3n al Life Habitat 2024: Congreso Internacional de Ingenier\u00eda, Arquitectura, Salut y Bienestar"},"content":{"rendered":"<p>El pasado martes 18 de junio, Jade Serra y S\u00f2nia Hern\u00e1ndez, vocales de AUS, participaron en el Congreso LifeH\u00e1bitat, Congreso Internacional de Ingenier\u00eda, Arquitectura, Salud y Bienestar, promovido por AEICE Cl\u00faster de H\u00e1bitat Eficiente.<\/p>\n<p><img loading=\"lazy\" decoding=\"async\" class=\"size-medium wp-image-13569 alignleft\" src=\"https:\/\/aus.arquitectes.cat\/wp-content\/uploads\/2024\/06\/WhatsApp-Image-2024-06-18-at-19.39.30-169x300.jpeg\" alt=\"\" width=\"169\" height=\"300\" srcset=\"https:\/\/aus.arquitectes.cat\/wp-content\/uploads\/2024\/06\/WhatsApp-Image-2024-06-18-at-19.39.30-169x300.jpeg 169w, https:\/\/aus.arquitectes.cat\/wp-content\/uploads\/2024\/06\/WhatsApp-Image-2024-06-18-at-19.39.30-576x1024.jpeg 576w, https:\/\/aus.arquitectes.cat\/wp-content\/uploads\/2024\/06\/WhatsApp-Image-2024-06-18-at-19.39.30.jpeg 900w\" sizes=\"(max-width: 169px) 100vw, 169px\" \/>El congreso, celebrado los d\u00edas 18 y 19 de junio, se estructur\u00f3 en tres bloques tem\u00e1ticos: \u00abLa ciencia detr\u00e1s de los espacios construidos\u00bb, \u00abBinomio entre salud y nuevas tendencias del sector h\u00e1bitat\u00bb y \u00abLa salud como estrategia de marca\u00bb.<\/p>\n<p>Jade Serra tuvo el honor de moderar la mesa redonda, dentro del bloque 1, titulada: \u00abNeuroarquitectura aplicada en diferentes tipolog\u00edas\u00bb, un foro de comunicaci\u00f3n entre profesionales y agentes del sector del h\u00e1bitat y del sector sociosanitario. En esta mesa, participaron destacados profesionales como Miriam Fern\u00e1ndez Cuevas, Project Manager de ACCIONA Cultura; Marta Cos Espu\u00f1a, directora de Innovaci\u00f3n de PMMT Healthcare Architecture; Rita Gasalla Regojo, presidenta del Observatorio de Arquitectura Saludable (OAS) y CEO de Gal\u00f6w; y el Dr. Carlos G\u00f3mez Pe\u00f1a del Grupo de Ingenier\u00eda Biom\u00e9dica de la Universidad de Valladolid.<\/p>\n<p>Durante estas sesiones, se discuti\u00f3 el papel crucial de la arquitectura en la promoci\u00f3n de la salud y el bienestar de las personas. Marta Cos destac\u00f3 la importancia de la investigaci\u00f3n en entornos sanitarios y la creaci\u00f3n de herramientas que mejoren estos espacios a trav\u00e9s de un enfoque de humanizaci\u00f3n arquitect\u00f3nica para crear entornos confortables, funcionales y saludables. El Dr. Carlos G\u00f3mez Pe\u00f1a present\u00f3 su trabajo sobre salas multisensoriales, mostrando c\u00f3mo pueden inducir estados de relajaci\u00f3n medibles en pacientes con condiciones neurol\u00f3gicas, como par\u00e1lisis cerebral y Alzheimer. Rita Gasalla explic\u00f3 los principios de la Arquitectura Saludable, se\u00f1alando c\u00f3mo factores como la calidad del aire, la luz y el ruido pueden influir en la creatividad y el rendimiento de las personas. Por su parte, Miriam Fern\u00e1ndez Cuevas enfatiz\u00f3 la importancia de dise\u00f1ar museos que sean experiencias transformadoras, integrando tecnolog\u00eda y narraci\u00f3n para enriquecer la experiencia cultural y educativa de los visitantes.<\/p>\n<p><img loading=\"lazy\" decoding=\"async\" class=\"size-medium wp-image-13578 alignright\" src=\"https:\/\/aus.arquitectes.cat\/wp-content\/uploads\/2024\/06\/WhatsApp-Image-2024-06-18-at-18.00.54-300x225.jpeg\" alt=\"\" width=\"300\" height=\"225\" srcset=\"https:\/\/aus.arquitectes.cat\/wp-content\/uploads\/2024\/06\/WhatsApp-Image-2024-06-18-at-18.00.54-300x225.jpeg 300w, https:\/\/aus.arquitectes.cat\/wp-content\/uploads\/2024\/06\/WhatsApp-Image-2024-06-18-at-18.00.54-1024x768.jpeg 1024w, https:\/\/aus.arquitectes.cat\/wp-content\/uploads\/2024\/06\/WhatsApp-Image-2024-06-18-at-18.00.54.jpeg 1600w\" sizes=\"(max-width: 300px) 100vw, 300px\" \/><\/p>\n<p>Seguidamente, S\u00f2nia Hern\u00e1ndez moder\u00f3 la mesa redonda dentro del bloque 2 titulado \u00abEncuentros estrat\u00e9gicos: donde los sectores se hablan\u00bb. Estos encuentros son espacios de debate que abordan diferentes bloques del congreso, poniendo \u00e9nfasis en el contacto multidisciplinario. S\u00f2nia Hern\u00e1ndez moder\u00f3 la sesi\u00f3n \u00abLa salud est\u00e1 en el interior\u00bb. En esta sesi\u00f3n, participaron Ram\u00f3n Torrents Pair\u00f3, socio director de Ahead Barcelona Healthcare Architecture; Mar\u00eda Luisa Nol\u00e9 Fajardo, investigadora del Laboratorio de Neuroarquitectura de la Universidad Polit\u00e9cnica de Valencia; \u00c1ngela Juarranz, Arquitecta y Fundadora de Estudio Juarranz; Andoni Diaz Torres, presidente del Consejo General de Dise\u00f1o Interior CGCODDI; Ana Espinel Valdivieso, directora general en Grupo Audiotec Ingenier\u00eda Ac\u00fastica y miembro de la Junta Directiva de AEICE Cl\u00faster de H\u00e1bitat Eficiente.<img loading=\"lazy\" decoding=\"async\" class=\"alignright wp-image-13575 size-medium\" src=\"https:\/\/aus.arquitectes.cat\/wp-content\/uploads\/2024\/06\/WhatsApp-Image-2024-06-18-at-18.00.50-300x225.jpeg\" alt=\"\" width=\"300\" height=\"225\" srcset=\"https:\/\/aus.arquitectes.cat\/wp-content\/uploads\/2024\/06\/WhatsApp-Image-2024-06-18-at-18.00.50-300x225.jpeg 300w, https:\/\/aus.arquitectes.cat\/wp-content\/uploads\/2024\/06\/WhatsApp-Image-2024-06-18-at-18.00.50-1024x768.jpeg 1024w, https:\/\/aus.arquitectes.cat\/wp-content\/uploads\/2024\/06\/WhatsApp-Image-2024-06-18-at-18.00.50.jpeg 1600w\" sizes=\"(max-width: 300px) 100vw, 300px\" \/><\/p>\n<p>Las conversaciones destacaron la necesidad de pol\u00edticas p\u00fablicas que apoyen pr\u00e1cticas arquitect\u00f3nicas centradas en la salud y la sostenibilidad, subrayando que, en tiempos de emergencia clim\u00e1tica, la arquitectura debe crear entornos sostenibles y resilientes que prioricen la salud de las personas y del planeta.<\/p>\n","protected":false},"excerpt":{"rendered":"<p>El pasado martes 18 de junio, Jade Serra y S\u00f2nia Hern\u00e1ndez, vocales de AUS, participaron en el Congreso LifeH\u00e1bitat, Congreso Internacional de Ingenier\u00eda, Arquitectura, Salud y Bienestar, promovido por AEICE Cl\u00faster de H\u00e1bitat Eficiente. El congreso, celebrado los d\u00edas 18 y 19 de junio, se estructur\u00f3 en tres bloques tem\u00e1ticos: \u00abLa ciencia detr\u00e1s de los&#8230;<\/p>\n","protected":false},"author":1,"featured_media":13581,"comment_status":"closed","ping_status":"closed","sticky":false,"template":"","format":"standard","meta":{"footnotes":""},"categories":[30],"tags":[],"yoast_head":"<!-- This site is optimized with the Yoast SEO plugin v22.9 - https:\/\/yoast.com\/wordpress\/plugins\/seo\/ -->\n<title>Participaci\u00f3n al Life Habitat 2024: Congreso Internacional de Ingenier\u00eda, Arquitectura, Salut y Bienestar - AUS Arquitectes<\/title>\n<meta name=\"robots\" content=\"index, follow, max-snippet:-1, max-image-preview:large, max-video-preview:-1\" \/>\n<link rel=\"canonical\" href=\"https:\/\/aus.arquitectes.cat\/es\/participacion-al-life-habitat-2024-congreso-internacional-de-ingenieria-arquitectura-salut-y-bienestar\/\" \/>\n<meta property=\"og:locale\" content=\"es_ES\" \/>\n<meta property=\"og:type\" content=\"article\" \/>\n<meta property=\"og:title\" content=\"Participaci\u00f3n al Life Habitat 2024: Congreso Internacional de Ingenier\u00eda, Arquitectura, Salut y Bienestar - AUS Arquitectes\" \/>\n<meta property=\"og:description\" content=\"El pasado martes 18 de junio, Jade Serra y S\u00f2nia Hern\u00e1ndez, vocales de AUS, participaron en el Congreso LifeH\u00e1bitat, Congreso Internacional de Ingenier\u00eda, Arquitectura, Salud y Bienestar, promovido por AEICE Cl\u00faster de H\u00e1bitat Eficiente. El congreso, celebrado los d\u00edas 18 y 19 de junio, se estructur\u00f3 en tres bloques tem\u00e1ticos: \u00abLa ciencia detr\u00e1s de los...\" \/>\n<meta property=\"og:url\" content=\"https:\/\/aus.arquitectes.cat\/es\/participacion-al-life-habitat-2024-congreso-internacional-de-ingenieria-arquitectura-salut-y-bienestar\/\" \/>\n<meta property=\"og:site_name\" content=\"AUS Arquitectes\" \/>\n<meta property=\"article:published_time\" content=\"2024-06-27T19:36:52+00:00\" \/>\n<meta property=\"article:modified_time\" content=\"2024-06-29T08:54:41+00:00\" \/>\n<meta property=\"og:image\" content=\"https:\/\/aus.arquitectes.cat\/wp-content\/uploads\/2024\/06\/Portada-scaled.jpg\" \/>\n\t<meta property=\"og:image:width\" content=\"2560\" \/>\n\t<meta property=\"og:image:height\" content=\"2560\" \/>\n\t<meta property=\"og:image:type\" content=\"image\/jpeg\" \/>\n<meta name=\"author\" content=\"Aus Arquitectes\" \/>\n<meta name=\"twitter:card\" content=\"summary_large_image\" \/>\n<meta name=\"twitter:label1\" content=\"Escrito por\" \/>\n\t<meta name=\"twitter:data1\" content=\"Aus Arquitectes\" \/>\n\t<meta name=\"twitter:label2\" content=\"Tiempo de lectura\" \/>\n\t<meta name=\"twitter:data2\" content=\"4 minutos\" \/>\n<script type=\"application\/ld+json\" class=\"yoast-schema-graph\">{\"@context\":\"https:\/\/schema.org\",\"@graph\":[{\"@type\":\"WebPage\",\"@id\":\"https:\/\/aus.arquitectes.cat\/es\/participacion-al-life-habitat-2024-congreso-internacional-de-ingenieria-arquitectura-salut-y-bienestar\/\",\"url\":\"https:\/\/aus.arquitectes.cat\/es\/participacion-al-life-habitat-2024-congreso-internacional-de-ingenieria-arquitectura-salut-y-bienestar\/\",\"name\":\"Participaci\u00f3n al Life Habitat 2024: Congreso Internacional de Ingenier\u00eda, Arquitectura, Salut y Bienestar - AUS Arquitectes\",\"isPartOf\":{\"@id\":\"https:\/\/aus.arquitectes.cat\/#website\"},\"primaryImageOfPage\":{\"@id\":\"https:\/\/aus.arquitectes.cat\/es\/participacion-al-life-habitat-2024-congreso-internacional-de-ingenieria-arquitectura-salut-y-bienestar\/#primaryimage\"},\"image\":{\"@id\":\"https:\/\/aus.arquitectes.cat\/es\/participacion-al-life-habitat-2024-congreso-internacional-de-ingenieria-arquitectura-salut-y-bienestar\/#primaryimage\"},\"thumbnailUrl\":\"https:\/\/aus.arquitectes.cat\/wp-content\/uploads\/2024\/06\/Portada-scaled.jpg\",\"datePublished\":\"2024-06-27T19:36:52+00:00\",\"dateModified\":\"2024-06-29T08:54:41+00:00\",\"author\":{\"@id\":\"https:\/\/aus.arquitectes.cat\/#\/schema\/person\/68e683ebcd4ef31cbfbcd311fae01f97\"},\"breadcrumb\":{\"@id\":\"https:\/\/aus.arquitectes.cat\/es\/participacion-al-life-habitat-2024-congreso-internacional-de-ingenieria-arquitectura-salut-y-bienestar\/#breadcrumb\"},\"inLanguage\":\"es\",\"potentialAction\":[{\"@type\":\"ReadAction\",\"target\":[\"https:\/\/aus.arquitectes.cat\/es\/participacion-al-life-habitat-2024-congreso-internacional-de-ingenieria-arquitectura-salut-y-bienestar\/\"]}]},{\"@type\":\"ImageObject\",\"inLanguage\":\"es\",\"@id\":\"https:\/\/aus.arquitectes.cat\/es\/participacion-al-life-habitat-2024-congreso-internacional-de-ingenieria-arquitectura-salut-y-bienestar\/#primaryimage\",\"url\":\"https:\/\/aus.arquitectes.cat\/wp-content\/uploads\/2024\/06\/Portada-scaled.jpg\",\"contentUrl\":\"https:\/\/aus.arquitectes.cat\/wp-content\/uploads\/2024\/06\/Portada-scaled.jpg\",\"width\":2560,\"height\":2560},{\"@type\":\"BreadcrumbList\",\"@id\":\"https:\/\/aus.arquitectes.cat\/es\/participacion-al-life-habitat-2024-congreso-internacional-de-ingenieria-arquitectura-salut-y-bienestar\/#breadcrumb\",\"itemListElement\":[{\"@type\":\"ListItem\",\"position\":1,\"name\":\"Portada\",\"item\":\"https:\/\/aus.arquitectes.cat\/es\/\"},{\"@type\":\"ListItem\",\"position\":2,\"name\":\"Participaci\u00f3n al Life Habitat 2024: Congreso Internacional de Ingenier\u00eda, Arquitectura, Salut y Bienestar\"}]},{\"@type\":\"WebSite\",\"@id\":\"https:\/\/aus.arquitectes.cat\/#website\",\"url\":\"https:\/\/aus.arquitectes.cat\/\",\"name\":\"AUS Arquitectes\",\"description\":\"\",\"potentialAction\":[{\"@type\":\"SearchAction\",\"target\":{\"@type\":\"EntryPoint\",\"urlTemplate\":\"https:\/\/aus.arquitectes.cat\/?s={search_term_string}\"},\"query-input\":\"required name=search_term_string\"}],\"inLanguage\":\"es\"},{\"@type\":\"Person\",\"@id\":\"https:\/\/aus.arquitectes.cat\/#\/schema\/person\/68e683ebcd4ef31cbfbcd311fae01f97\",\"name\":\"Aus Arquitectes\",\"sameAs\":[\"https:\/\/aus.tctprojects.com\"],\"url\":\"https:\/\/aus.arquitectes.cat\/es\/author\/c3sc\/\"}]}<\/script>\n<!-- \/ Yoast SEO plugin. -->","yoast_head_json":{"title":"Participaci\u00f3n al Life Habitat 2024: Congreso Internacional de Ingenier\u00eda, Arquitectura, Salut y Bienestar - AUS Arquitectes","robots":{"index":"index","follow":"follow","max-snippet":"max-snippet:-1","max-image-preview":"max-image-preview:large","max-video-preview":"max-video-preview:-1"},"canonical":"https:\/\/aus.arquitectes.cat\/es\/participacion-al-life-habitat-2024-congreso-internacional-de-ingenieria-arquitectura-salut-y-bienestar\/","og_locale":"es_ES","og_type":"article","og_title":"Participaci\u00f3n al Life Habitat 2024: Congreso Internacional de Ingenier\u00eda, Arquitectura, Salut y Bienestar - AUS Arquitectes","og_description":"El pasado martes 18 de junio, Jade Serra y S\u00f2nia Hern\u00e1ndez, vocales de AUS, participaron en el Congreso LifeH\u00e1bitat, Congreso Internacional de Ingenier\u00eda, Arquitectura, Salud y Bienestar, promovido por AEICE Cl\u00faster de H\u00e1bitat Eficiente. El congreso, celebrado los d\u00edas 18 y 19 de junio, se estructur\u00f3 en tres bloques tem\u00e1ticos: \u00abLa ciencia detr\u00e1s de los...","og_url":"https:\/\/aus.arquitectes.cat\/es\/participacion-al-life-habitat-2024-congreso-internacional-de-ingenieria-arquitectura-salut-y-bienestar\/","og_site_name":"AUS Arquitectes","article_published_time":"2024-06-27T19:36:52+00:00","article_modified_time":"2024-06-29T08:54:41+00:00","og_image":[{"width":2560,"height":2560,"url":"https:\/\/aus.arquitectes.cat\/wp-content\/uploads\/2024\/06\/Portada-scaled.jpg","type":"image\/jpeg"}],"author":"Aus Arquitectes","twitter_card":"summary_large_image","twitter_misc":{"Escrito por":"Aus Arquitectes","Tiempo de lectura":"4 minutos"},"schema":{"@context":"https:\/\/schema.org","@graph":[{"@type":"WebPage","@id":"https:\/\/aus.arquitectes.cat\/es\/participacion-al-life-habitat-2024-congreso-internacional-de-ingenieria-arquitectura-salut-y-bienestar\/","url":"https:\/\/aus.arquitectes.cat\/es\/participacion-al-life-habitat-2024-congreso-internacional-de-ingenieria-arquitectura-salut-y-bienestar\/","name":"Participaci\u00f3n al Life Habitat 2024: Congreso Internacional de Ingenier\u00eda, Arquitectura, Salut y Bienestar - AUS Arquitectes","isPartOf":{"@id":"https:\/\/aus.arquitectes.cat\/#website"},"primaryImageOfPage":{"@id":"https:\/\/aus.arquitectes.cat\/es\/participacion-al-life-habitat-2024-congreso-internacional-de-ingenieria-arquitectura-salut-y-bienestar\/#primaryimage"},"image":{"@id":"https:\/\/aus.arquitectes.cat\/es\/participacion-al-life-habitat-2024-congreso-internacional-de-ingenieria-arquitectura-salut-y-bienestar\/#primaryimage"},"thumbnailUrl":"https:\/\/aus.arquitectes.cat\/wp-content\/uploads\/2024\/06\/Portada-scaled.jpg","datePublished":"2024-06-27T19:36:52+00:00","dateModified":"2024-06-29T08:54:41+00:00","author":{"@id":"https:\/\/aus.arquitectes.cat\/#\/schema\/person\/68e683ebcd4ef31cbfbcd311fae01f97"},"breadcrumb":{"@id":"https:\/\/aus.arquitectes.cat\/es\/participacion-al-life-habitat-2024-congreso-internacional-de-ingenieria-arquitectura-salut-y-bienestar\/#breadcrumb"},"inLanguage":"es","potentialAction":[{"@type":"ReadAction","target":["https:\/\/aus.arquitectes.cat\/es\/participacion-al-life-habitat-2024-congreso-internacional-de-ingenieria-arquitectura-salut-y-bienestar\/"]}]},{"@type":"ImageObject","inLanguage":"es","@id":"https:\/\/aus.arquitectes.cat\/es\/participacion-al-life-habitat-2024-congreso-internacional-de-ingenieria-arquitectura-salut-y-bienestar\/#primaryimage","url":"https:\/\/aus.arquitectes.cat\/wp-content\/uploads\/2024\/06\/Portada-scaled.jpg","contentUrl":"https:\/\/aus.arquitectes.cat\/wp-content\/uploads\/2024\/06\/Portada-scaled.jpg","width":2560,"height":2560},{"@type":"BreadcrumbList","@id":"https:\/\/aus.arquitectes.cat\/es\/participacion-al-life-habitat-2024-congreso-internacional-de-ingenieria-arquitectura-salut-y-bienestar\/#breadcrumb","itemListElement":[{"@type":"ListItem","position":1,"name":"Portada","item":"https:\/\/aus.arquitectes.cat\/es\/"},{"@type":"ListItem","position":2,"name":"Participaci\u00f3n al Life Habitat 2024: Congreso Internacional de Ingenier\u00eda, Arquitectura, Salut y Bienestar"}]},{"@type":"WebSite","@id":"https:\/\/aus.arquitectes.cat\/#website","url":"https:\/\/aus.arquitectes.cat\/","name":"AUS Arquitectes","description":"","potentialAction":[{"@type":"SearchAction","target":{"@type":"EntryPoint","urlTemplate":"https:\/\/aus.arquitectes.cat\/?s={search_term_string}"},"query-input":"required name=search_term_string"}],"inLanguage":"es"},{"@type":"Person","@id":"https:\/\/aus.arquitectes.cat\/#\/schema\/person\/68e683ebcd4ef31cbfbcd311fae01f97","name":"Aus Arquitectes","sameAs":["https:\/\/aus.tctprojects.com"],"url":"https:\/\/aus.arquitectes.cat\/es\/author\/c3sc\/"}]}},"_links":{"self":[{"href":"https:\/\/aus.arquitectes.cat\/es\/wp-json\/wp\/v2\/posts\/13586"}],"collection":[{"href":"https:\/\/aus.arquitectes.cat\/es\/wp-json\/wp\/v2\/posts"}],"about":[{"href":"https:\/\/aus.arquitectes.cat\/es\/wp-json\/wp\/v2\/types\/post"}],"author":[{"embeddable":true,"href":"https:\/\/aus.arquitectes.cat\/es\/wp-json\/wp\/v2\/users\/1"}],"replies":[{"embeddable":true,"href":"https:\/\/aus.arquitectes.cat\/es\/wp-json\/wp\/v2\/comments?post=13586"}],"version-history":[{"count":3,"href":"https:\/\/aus.arquitectes.cat\/es\/wp-json\/wp\/v2\/posts\/13586\/revisions"}],"predecessor-version":[{"id":13595,"href":"https:\/\/aus.arquitectes.cat\/es\/wp-json\/wp\/v2\/posts\/13586\/revisions\/13595"}],"wp:featuredmedia":[{"embeddable":true,"href":"https:\/\/aus.arquitectes.cat\/es\/wp-json\/wp\/v2\/media\/13581"}],"wp:attachment":[{"href":"https:\/\/aus.arquitectes.cat\/es\/wp-json\/wp\/v2\/media?parent=13586"}],"wp:term":[{"taxonomy":"category","embeddable":true,"href":"https:\/\/aus.arquitectes.cat\/es\/wp-json\/wp\/v2\/categories?post=13586"},{"taxonomy":"post_tag","embeddable":true,"href":"https:\/\/aus.arquitectes.cat\/es\/wp-json\/wp\/v2\/tags?post=13586"}],"curies":[{"name":"wp","href":"https:\/\/api.w.org\/{rel}","templated":true}]}}