{"id":13749,"date":"2025-06-05T11:10:04","date_gmt":"2025-06-05T11:10:04","guid":{"rendered":"https:\/\/aus.arquitectes.cat\/jornada-house-europe-never-demolish-al-coac-una-crida-a-prioritzar-la-renovacio-sostenible\/"},"modified":"2025-06-05T11:39:58","modified_gmt":"2025-06-05T11:39:58","slug":"jornada-house-europe-never-demolish-al-coac-una-crida-a-prioritzar-la-renovacio-sostenible","status":"publish","type":"post","link":"https:\/\/aus.arquitectes.cat\/es\/jornada-house-europe-never-demolish-al-coac-una-crida-a-prioritzar-la-renovacio-sostenible\/","title":{"rendered":"Jornada House Europe! Never Demolish en el COAC: una llamada a priorizar la renovaci\u00f3n sostenible"},"content":{"rendered":"<p><span style=\"font-weight: 400;\"><img loading=\"lazy\" decoding=\"async\" class=\"size-medium wp-image-13712 alignright\" src=\"https:\/\/aus.arquitectes.cat\/wp-content\/uploads\/2025\/06\/25.06.02-House-Europe-004-AE7A0645-br-300x200.jpg\" alt=\"\" width=\"300\" height=\"200\" srcset=\"https:\/\/aus.arquitectes.cat\/wp-content\/uploads\/2025\/06\/25.06.02-House-Europe-004-AE7A0645-br-300x200.jpg 300w, https:\/\/aus.arquitectes.cat\/wp-content\/uploads\/2025\/06\/25.06.02-House-Europe-004-AE7A0645-br-1024x683.jpg 1024w, https:\/\/aus.arquitectes.cat\/wp-content\/uploads\/2025\/06\/25.06.02-House-Europe-004-AE7A0645-br.jpg 1134w\" sizes=\"(max-width: 300px) 100vw, 300px\" \/><\/span><\/p>\n<p data-start=\"80\" data-end=\"401\">El pasado lunes 2 de junio, la sede del COAC acogi\u00f3 la jornada <strong data-start=\"143\" data-end=\"177\">\u201cHouse Europe! Never demolish\u201d<\/strong>, organizada por el <strong data-start=\"197\" data-end=\"205\">COAC<\/strong>, la <strong data-start=\"210\" data-end=\"241\">Fundaci\u00f3n Mies van der Rohe<\/strong> y <strong data-start=\"244\" data-end=\"283\">AUS \u2013 Arquitectura y Sostenibilidad<\/strong>, en el marco del proyecto <em data-start=\"310\" data-end=\"343\">Descarbonizando la Arquitectura<\/em> y dentro de las <strong data-start=\"360\" data-end=\"400\">Semanas de Arquitectura de Barcelona<\/strong>.<\/p>\n<p data-start=\"403\" data-end=\"743\">El acto comenz\u00f3 con una bienvenida institucional a cargo de <strong data-start=\"463\" data-end=\"482\">Greta Tresserra<\/strong> (COAC \/ AUS), quien destac\u00f3 la importancia de promover cambios estructurales en el sector de la construcci\u00f3n para hacer frente a la crisis clim\u00e1tica, situando la <strong data-start=\"645\" data-end=\"692\">renovaci\u00f3n y reutilizaci\u00f3n de los edificios<\/strong> en el centro de la estrategia de descarbonizaci\u00f3n.<\/p>\n<p data-start=\"745\" data-end=\"1168\"><strong data-start=\"745\" data-end=\"759\">Anna Ramos<\/strong>, directora de la <strong data-start=\"777\" data-end=\"808\">Fundaci\u00f3n Mies van der Rohe<\/strong> y conductora del acto, dio paso a <strong data-start=\"843\" data-end=\"857\">Ivan Blasi<\/strong>, director de Premios y Programas de la Fundaci\u00f3n, quien present\u00f3 la <strong data-start=\"926\" data-end=\"972\">Iniciativa Ciudadana Europea House Europe!<\/strong>. Al conocer la propuesta \u2014impulsada por figuras como <strong data-start=\"1026\" data-end=\"1046\">Lacaton &amp; Vassal<\/strong>\u2014, Blasi asumi\u00f3 el papel de <strong data-start=\"1074\" data-end=\"1116\">National Organising Member para Espa\u00f1a<\/strong>, apoyando activamente su difusi\u00f3n e implementaci\u00f3n.<\/p>\n<h4><span style=\"font-weight: 400;\"><b>\u201cHouse Europe! Never demolish\u201d<\/b><\/span><\/h4>\n<p><span style=\"font-weight: 400;\"><b><img loading=\"lazy\" decoding=\"async\" class=\"size-medium wp-image-13715 alignleft\" src=\"https:\/\/aus.arquitectes.cat\/wp-content\/uploads\/2025\/06\/25.06.02-House-Europe-016-AE7A0725-br-300x200.jpg\" alt=\"\" width=\"300\" height=\"200\" srcset=\"https:\/\/aus.arquitectes.cat\/wp-content\/uploads\/2025\/06\/25.06.02-House-Europe-016-AE7A0725-br-300x200.jpg 300w, https:\/\/aus.arquitectes.cat\/wp-content\/uploads\/2025\/06\/25.06.02-House-Europe-016-AE7A0725-br-1024x683.jpg 1024w, https:\/\/aus.arquitectes.cat\/wp-content\/uploads\/2025\/06\/25.06.02-House-Europe-016-AE7A0725-br.jpg 1134w\" sizes=\"(max-width: 300px) 100vw, 300px\" \/><\/b><\/span><\/p>\n<p data-start=\"78\" data-end=\"292\">La iniciativa promueve un <strong data-start=\"104\" data-end=\"159\">cambio de paradigma en el sector de la construcci\u00f3n<\/strong>, priorizando la <strong data-start=\"176\" data-end=\"238\">rehabilitaci\u00f3n y reutilizaci\u00f3n de los edificios existentes<\/strong> frente a su demolici\u00f3n. Propone, entre otras medidas:<\/p>\n<p data-start=\"294\" data-end=\"560\">\u2013 incentivos fiscales para la renovaci\u00f3n y reutilizaci\u00f3n de materiales,<br data-start=\"365\" data-end=\"368\" \/>\u2013 el establecimiento de est\u00e1ndares obligatorios a escala europea,<br data-start=\"433\" data-end=\"436\" \/>\u2013 y la ampliaci\u00f3n de las evaluaciones del ciclo de vida de los edificios existentes, teniendo en cuenta el <strong data-start=\"543\" data-end=\"559\">CO\u2082 embebido<\/strong>.<\/p>\n<p data-start=\"562\" data-end=\"780\">\n<p data-start=\"562\" data-end=\"780\">\n<p data-start=\"562\" data-end=\"780\">Para que la iniciativa sea considerada por la <strong data-start=\"608\" data-end=\"628\">Comisi\u00f3n Europea<\/strong>, es necesario recoger <strong data-start=\"651\" data-end=\"696\">1 mill\u00f3n de firmas antes de enero de 2026<\/strong>. Puedes sumarte <a href=\"https:\/\/www.houseeurope.eu\"><strong>aqu\u00ed.<\/strong><\/a><\/p>\n<p><span style=\"font-weight: 400;\">La sesi\u00f3n continu\u00f3 con la proyecci\u00f3n del documental <strong data-start=\"108\" data-end=\"155\">\u00abPower to Renovation \u2013 A Question of Value\u00bb<\/strong>, que refuerza la necesidad de apostar por la rehabilitaci\u00f3n frente al modelo de nueva construcci\u00f3n. Puedes recuperar el v\u00eddeo completo de la jornada\u00a0 <a href=\"https:\/\/www.arquitectes.cat\/ca\/descarbonitzant-arquitectura\/\"><strong>aqu\u00ed<\/strong><\/a>:<\/span><\/p>\n<p><span style=\"font-weight: 400;\"><img loading=\"lazy\" decoding=\"async\" class=\"size-medium wp-image-13727 alignright\" src=\"https:\/\/aus.arquitectes.cat\/wp-content\/uploads\/2025\/06\/25.06.02-House-Europe-063-AE7A1019-br-300x200.jpg\" alt=\"\" width=\"300\" height=\"200\" srcset=\"https:\/\/aus.arquitectes.cat\/wp-content\/uploads\/2025\/06\/25.06.02-House-Europe-063-AE7A1019-br-300x200.jpg 300w, https:\/\/aus.arquitectes.cat\/wp-content\/uploads\/2025\/06\/25.06.02-House-Europe-063-AE7A1019-br-1024x683.jpg 1024w, https:\/\/aus.arquitectes.cat\/wp-content\/uploads\/2025\/06\/25.06.02-House-Europe-063-AE7A1019-br.jpg 1134w\" sizes=\"(max-width: 300px) 100vw, 300px\" \/><\/span><\/p>\n<p data-start=\"312\" data-end=\"411\">Despu\u00e9s del documental, se abri\u00f3 una mesa redonda moderada por Anna Ramos, con la participaci\u00f3n de:<\/p>\n<ul data-start=\"413\" data-end=\"1005\">\n<li data-start=\"413\" data-end=\"630\">\n<p data-start=\"415\" data-end=\"630\"><strong data-start=\"415\" data-end=\"434\">Greta Tresserra<\/strong> (COAC \/ AUS), quien desde una mirada experta dio datos alarmantes sobre la relaci\u00f3n entre la edificaci\u00f3n y el cambio clim\u00e1tico, y la necesidad de cambiar el modelo del sector y de la profesi\u00f3n.<\/p>\n<\/li>\n<li data-start=\"413\" data-end=\"630\">\n<p data-start=\"415\" data-end=\"630\"><strong data-start=\"633\" data-end=\"647\">Ivan Blasi<\/strong> (Fundaci\u00f3n Mies van der Rohe), que destac\u00f3 la necesidad de preservar el patrimonio y garantizar calidad en los procesos de renovaci\u00f3n.<\/p>\n<\/li>\n<li data-start=\"785\" data-end=\"897\">\n<p data-start=\"787\" data-end=\"897\"><strong data-start=\"787\" data-end=\"803\">Irene Civera<\/strong> (Mentrestant), con ejemplos de proyectos cooperativos con criterios ambientales y sociales.<\/p>\n<\/li>\n<li data-start=\"898\" data-end=\"1005\">\n<p data-start=\"900\" data-end=\"1005\"><strong data-start=\"900\" data-end=\"916\">Eduard Cabr\u00e9<\/strong> (IMHAB), que expuso retos y oportunidades en las pol\u00edticas p\u00fablicas de rehabilitaci\u00f3n.<\/p>\n<\/li>\n<\/ul>\n<p><img loading=\"lazy\" decoding=\"async\" class=\"size-medium wp-image-13724 alignleft\" src=\"https:\/\/aus.arquitectes.cat\/wp-content\/uploads\/2025\/06\/25.06.02-House-Europe-116-AE7A1375-br-300x200.jpg\" alt=\"\" width=\"300\" height=\"200\" srcset=\"https:\/\/aus.arquitectes.cat\/wp-content\/uploads\/2025\/06\/25.06.02-House-Europe-116-AE7A1375-br-300x200.jpg 300w, https:\/\/aus.arquitectes.cat\/wp-content\/uploads\/2025\/06\/25.06.02-House-Europe-116-AE7A1375-br-1024x683.jpg 1024w, https:\/\/aus.arquitectes.cat\/wp-content\/uploads\/2025\/06\/25.06.02-House-Europe-116-AE7A1375-br.jpg 1134w\" sizes=\"(max-width: 300px) 100vw, 300px\" \/><\/p>\n<p data-start=\"65\" data-end=\"246\">El debate con el p\u00fablico permiti\u00f3 abordar temas como la normativa, la reutilizaci\u00f3n de materiales, la necesidad de nuevos marcos fiscales y el papel clave de las pol\u00edticas europeas.<\/p>\n<p data-start=\"248\" data-end=\"486\">Finalmente, la clausura estuvo a cargo de Sandra Bestraten, presidenta de la Demarcaci\u00f3n de Barcelona del COAC, quien destac\u00f3 el papel del Colegio en el impulso de la renovaci\u00f3n energ\u00e9tica y en el despliegue de las ayudas Next Generation.<\/p>\n<p data-start=\"488\" data-end=\"743\">Desde AUS, agradecemos la participaci\u00f3n de todas las personas asistentes y reafirmamos nuestro compromiso con una arquitectura que apueste por la sostenibilidad, la renovaci\u00f3n y la reutilizaci\u00f3n como caminos para descarbonizar nuestro entorno construido.<\/p>\n","protected":false},"excerpt":{"rendered":"<p>El pasado lunes 2 de junio, la sede del COAC acogi\u00f3 la jornada \u201cHouse Europe! Never demolish\u201d, organizada por el COAC, la Fundaci\u00f3n Mies van der Rohe y AUS \u2013 Arquitectura y Sostenibilidad, en el marco del proyecto Descarbonizando la Arquitectura y dentro de las Semanas de Arquitectura de Barcelona. El acto comenz\u00f3 con una&#8230;<\/p>\n","protected":false},"author":1,"featured_media":13707,"comment_status":"closed","ping_status":"closed","sticky":false,"template":"","format":"standard","meta":{"footnotes":""},"categories":[30,32],"tags":[],"yoast_head":"<!-- This site is optimized with the Yoast SEO plugin v22.9 - https:\/\/yoast.com\/wordpress\/plugins\/seo\/ -->\n<title>Jornada House Europe! Never Demolish en el COAC: una llamada a priorizar la renovaci\u00f3n sostenible - AUS Arquitectes<\/title>\n<meta name=\"robots\" content=\"index, follow, max-snippet:-1, max-image-preview:large, max-video-preview:-1\" \/>\n<link rel=\"canonical\" href=\"https:\/\/aus.arquitectes.cat\/es\/jornada-house-europe-never-demolish-al-coac-una-crida-a-prioritzar-la-renovacio-sostenible\/\" \/>\n<meta property=\"og:locale\" content=\"es_ES\" \/>\n<meta property=\"og:type\" content=\"article\" \/>\n<meta property=\"og:title\" content=\"Jornada House Europe! Never Demolish en el COAC: una llamada a priorizar la renovaci\u00f3n sostenible - AUS Arquitectes\" \/>\n<meta property=\"og:description\" content=\"El pasado lunes 2 de junio, la sede del COAC acogi\u00f3 la jornada \u201cHouse Europe! Never demolish\u201d, organizada por el COAC, la Fundaci\u00f3n Mies van der Rohe y AUS \u2013 Arquitectura y Sostenibilidad, en el marco del proyecto Descarbonizando la Arquitectura y dentro de las Semanas de Arquitectura de Barcelona. El acto comenz\u00f3 con una...\" \/>\n<meta property=\"og:url\" content=\"https:\/\/aus.arquitectes.cat\/es\/jornada-house-europe-never-demolish-al-coac-una-crida-a-prioritzar-la-renovacio-sostenible\/\" \/>\n<meta property=\"og:site_name\" content=\"AUS Arquitectes\" \/>\n<meta property=\"article:published_time\" content=\"2025-06-05T11:10:04+00:00\" \/>\n<meta property=\"article:modified_time\" content=\"2025-06-05T11:39:58+00:00\" \/>\n<meta property=\"og:image\" content=\"https:\/\/aus.arquitectes.cat\/wp-content\/uploads\/2025\/06\/portada-blog-house-europe-AUS-scaled.jpg\" \/>\n\t<meta property=\"og:image:width\" content=\"2560\" \/>\n\t<meta property=\"og:image:height\" content=\"1343\" \/>\n\t<meta property=\"og:image:type\" content=\"image\/jpeg\" \/>\n<meta name=\"author\" content=\"Aus Arquitectes\" \/>\n<meta name=\"twitter:card\" content=\"summary_large_image\" \/>\n<meta name=\"twitter:label1\" content=\"Escrito por\" \/>\n\t<meta name=\"twitter:data1\" content=\"Aus Arquitectes\" \/>\n\t<meta name=\"twitter:label2\" content=\"Tiempo de lectura\" \/>\n\t<meta name=\"twitter:data2\" content=\"4 minutos\" \/>\n<script type=\"application\/ld+json\" class=\"yoast-schema-graph\">{\"@context\":\"https:\/\/schema.org\",\"@graph\":[{\"@type\":\"WebPage\",\"@id\":\"https:\/\/aus.arquitectes.cat\/es\/jornada-house-europe-never-demolish-al-coac-una-crida-a-prioritzar-la-renovacio-sostenible\/\",\"url\":\"https:\/\/aus.arquitectes.cat\/es\/jornada-house-europe-never-demolish-al-coac-una-crida-a-prioritzar-la-renovacio-sostenible\/\",\"name\":\"Jornada House Europe! Never Demolish en el COAC: una llamada a priorizar la renovaci\u00f3n sostenible - AUS Arquitectes\",\"isPartOf\":{\"@id\":\"https:\/\/aus.arquitectes.cat\/#website\"},\"primaryImageOfPage\":{\"@id\":\"https:\/\/aus.arquitectes.cat\/es\/jornada-house-europe-never-demolish-al-coac-una-crida-a-prioritzar-la-renovacio-sostenible\/#primaryimage\"},\"image\":{\"@id\":\"https:\/\/aus.arquitectes.cat\/es\/jornada-house-europe-never-demolish-al-coac-una-crida-a-prioritzar-la-renovacio-sostenible\/#primaryimage\"},\"thumbnailUrl\":\"https:\/\/aus.arquitectes.cat\/wp-content\/uploads\/2025\/06\/portada-blog-house-europe-AUS-scaled.jpg\",\"datePublished\":\"2025-06-05T11:10:04+00:00\",\"dateModified\":\"2025-06-05T11:39:58+00:00\",\"author\":{\"@id\":\"https:\/\/aus.arquitectes.cat\/#\/schema\/person\/68e683ebcd4ef31cbfbcd311fae01f97\"},\"breadcrumb\":{\"@id\":\"https:\/\/aus.arquitectes.cat\/es\/jornada-house-europe-never-demolish-al-coac-una-crida-a-prioritzar-la-renovacio-sostenible\/#breadcrumb\"},\"inLanguage\":\"es\",\"potentialAction\":[{\"@type\":\"ReadAction\",\"target\":[\"https:\/\/aus.arquitectes.cat\/es\/jornada-house-europe-never-demolish-al-coac-una-crida-a-prioritzar-la-renovacio-sostenible\/\"]}]},{\"@type\":\"ImageObject\",\"inLanguage\":\"es\",\"@id\":\"https:\/\/aus.arquitectes.cat\/es\/jornada-house-europe-never-demolish-al-coac-una-crida-a-prioritzar-la-renovacio-sostenible\/#primaryimage\",\"url\":\"https:\/\/aus.arquitectes.cat\/wp-content\/uploads\/2025\/06\/portada-blog-house-europe-AUS-scaled.jpg\",\"contentUrl\":\"https:\/\/aus.arquitectes.cat\/wp-content\/uploads\/2025\/06\/portada-blog-house-europe-AUS-scaled.jpg\",\"width\":2560,\"height\":1343},{\"@type\":\"BreadcrumbList\",\"@id\":\"https:\/\/aus.arquitectes.cat\/es\/jornada-house-europe-never-demolish-al-coac-una-crida-a-prioritzar-la-renovacio-sostenible\/#breadcrumb\",\"itemListElement\":[{\"@type\":\"ListItem\",\"position\":1,\"name\":\"Portada\",\"item\":\"https:\/\/aus.arquitectes.cat\/es\/\"},{\"@type\":\"ListItem\",\"position\":2,\"name\":\"Jornada House Europe! Never Demolish en el COAC: una llamada a priorizar la renovaci\u00f3n sostenible\"}]},{\"@type\":\"WebSite\",\"@id\":\"https:\/\/aus.arquitectes.cat\/#website\",\"url\":\"https:\/\/aus.arquitectes.cat\/\",\"name\":\"AUS Arquitectes\",\"description\":\"\",\"potentialAction\":[{\"@type\":\"SearchAction\",\"target\":{\"@type\":\"EntryPoint\",\"urlTemplate\":\"https:\/\/aus.arquitectes.cat\/?s={search_term_string}\"},\"query-input\":\"required name=search_term_string\"}],\"inLanguage\":\"es\"},{\"@type\":\"Person\",\"@id\":\"https:\/\/aus.arquitectes.cat\/#\/schema\/person\/68e683ebcd4ef31cbfbcd311fae01f97\",\"name\":\"Aus Arquitectes\",\"sameAs\":[\"https:\/\/aus.tctprojects.com\"],\"url\":\"https:\/\/aus.arquitectes.cat\/es\/author\/c3sc\/\"}]}<\/script>\n<!-- \/ Yoast SEO plugin. -->","yoast_head_json":{"title":"Jornada House Europe! Never Demolish en el COAC: una llamada a priorizar la renovaci\u00f3n sostenible - AUS Arquitectes","robots":{"index":"index","follow":"follow","max-snippet":"max-snippet:-1","max-image-preview":"max-image-preview:large","max-video-preview":"max-video-preview:-1"},"canonical":"https:\/\/aus.arquitectes.cat\/es\/jornada-house-europe-never-demolish-al-coac-una-crida-a-prioritzar-la-renovacio-sostenible\/","og_locale":"es_ES","og_type":"article","og_title":"Jornada House Europe! Never Demolish en el COAC: una llamada a priorizar la renovaci\u00f3n sostenible - AUS Arquitectes","og_description":"El pasado lunes 2 de junio, la sede del COAC acogi\u00f3 la jornada \u201cHouse Europe! Never demolish\u201d, organizada por el COAC, la Fundaci\u00f3n Mies van der Rohe y AUS \u2013 Arquitectura y Sostenibilidad, en el marco del proyecto Descarbonizando la Arquitectura y dentro de las Semanas de Arquitectura de Barcelona. El acto comenz\u00f3 con una...","og_url":"https:\/\/aus.arquitectes.cat\/es\/jornada-house-europe-never-demolish-al-coac-una-crida-a-prioritzar-la-renovacio-sostenible\/","og_site_name":"AUS Arquitectes","article_published_time":"2025-06-05T11:10:04+00:00","article_modified_time":"2025-06-05T11:39:58+00:00","og_image":[{"width":2560,"height":1343,"url":"https:\/\/aus.arquitectes.cat\/wp-content\/uploads\/2025\/06\/portada-blog-house-europe-AUS-scaled.jpg","type":"image\/jpeg"}],"author":"Aus Arquitectes","twitter_card":"summary_large_image","twitter_misc":{"Escrito por":"Aus Arquitectes","Tiempo de lectura":"4 minutos"},"schema":{"@context":"https:\/\/schema.org","@graph":[{"@type":"WebPage","@id":"https:\/\/aus.arquitectes.cat\/es\/jornada-house-europe-never-demolish-al-coac-una-crida-a-prioritzar-la-renovacio-sostenible\/","url":"https:\/\/aus.arquitectes.cat\/es\/jornada-house-europe-never-demolish-al-coac-una-crida-a-prioritzar-la-renovacio-sostenible\/","name":"Jornada House Europe! Never Demolish en el COAC: una llamada a priorizar la renovaci\u00f3n sostenible - AUS Arquitectes","isPartOf":{"@id":"https:\/\/aus.arquitectes.cat\/#website"},"primaryImageOfPage":{"@id":"https:\/\/aus.arquitectes.cat\/es\/jornada-house-europe-never-demolish-al-coac-una-crida-a-prioritzar-la-renovacio-sostenible\/#primaryimage"},"image":{"@id":"https:\/\/aus.arquitectes.cat\/es\/jornada-house-europe-never-demolish-al-coac-una-crida-a-prioritzar-la-renovacio-sostenible\/#primaryimage"},"thumbnailUrl":"https:\/\/aus.arquitectes.cat\/wp-content\/uploads\/2025\/06\/portada-blog-house-europe-AUS-scaled.jpg","datePublished":"2025-06-05T11:10:04+00:00","dateModified":"2025-06-05T11:39:58+00:00","author":{"@id":"https:\/\/aus.arquitectes.cat\/#\/schema\/person\/68e683ebcd4ef31cbfbcd311fae01f97"},"breadcrumb":{"@id":"https:\/\/aus.arquitectes.cat\/es\/jornada-house-europe-never-demolish-al-coac-una-crida-a-prioritzar-la-renovacio-sostenible\/#breadcrumb"},"inLanguage":"es","potentialAction":[{"@type":"ReadAction","target":["https:\/\/aus.arquitectes.cat\/es\/jornada-house-europe-never-demolish-al-coac-una-crida-a-prioritzar-la-renovacio-sostenible\/"]}]},{"@type":"ImageObject","inLanguage":"es","@id":"https:\/\/aus.arquitectes.cat\/es\/jornada-house-europe-never-demolish-al-coac-una-crida-a-prioritzar-la-renovacio-sostenible\/#primaryimage","url":"https:\/\/aus.arquitectes.cat\/wp-content\/uploads\/2025\/06\/portada-blog-house-europe-AUS-scaled.jpg","contentUrl":"https:\/\/aus.arquitectes.cat\/wp-content\/uploads\/2025\/06\/portada-blog-house-europe-AUS-scaled.jpg","width":2560,"height":1343},{"@type":"BreadcrumbList","@id":"https:\/\/aus.arquitectes.cat\/es\/jornada-house-europe-never-demolish-al-coac-una-crida-a-prioritzar-la-renovacio-sostenible\/#breadcrumb","itemListElement":[{"@type":"ListItem","position":1,"name":"Portada","item":"https:\/\/aus.arquitectes.cat\/es\/"},{"@type":"ListItem","position":2,"name":"Jornada House Europe! Never Demolish en el COAC: una llamada a priorizar la renovaci\u00f3n sostenible"}]},{"@type":"WebSite","@id":"https:\/\/aus.arquitectes.cat\/#website","url":"https:\/\/aus.arquitectes.cat\/","name":"AUS Arquitectes","description":"","potentialAction":[{"@type":"SearchAction","target":{"@type":"EntryPoint","urlTemplate":"https:\/\/aus.arquitectes.cat\/?s={search_term_string}"},"query-input":"required name=search_term_string"}],"inLanguage":"es"},{"@type":"Person","@id":"https:\/\/aus.arquitectes.cat\/#\/schema\/person\/68e683ebcd4ef31cbfbcd311fae01f97","name":"Aus Arquitectes","sameAs":["https:\/\/aus.tctprojects.com"],"url":"https:\/\/aus.arquitectes.cat\/es\/author\/c3sc\/"}]}},"_links":{"self":[{"href":"https:\/\/aus.arquitectes.cat\/es\/wp-json\/wp\/v2\/posts\/13749"}],"collection":[{"href":"https:\/\/aus.arquitectes.cat\/es\/wp-json\/wp\/v2\/posts"}],"about":[{"href":"https:\/\/aus.arquitectes.cat\/es\/wp-json\/wp\/v2\/types\/post"}],"author":[{"embeddable":true,"href":"https:\/\/aus.arquitectes.cat\/es\/wp-json\/wp\/v2\/users\/1"}],"replies":[{"embeddable":true,"href":"https:\/\/aus.arquitectes.cat\/es\/wp-json\/wp\/v2\/comments?post=13749"}],"version-history":[{"count":5,"href":"https:\/\/aus.arquitectes.cat\/es\/wp-json\/wp\/v2\/posts\/13749\/revisions"}],"predecessor-version":[{"id":13764,"href":"https:\/\/aus.arquitectes.cat\/es\/wp-json\/wp\/v2\/posts\/13749\/revisions\/13764"}],"wp:featuredmedia":[{"embeddable":true,"href":"https:\/\/aus.arquitectes.cat\/es\/wp-json\/wp\/v2\/media\/13707"}],"wp:attachment":[{"href":"https:\/\/aus.arquitectes.cat\/es\/wp-json\/wp\/v2\/media?parent=13749"}],"wp:term":[{"taxonomy":"category","embeddable":true,"href":"https:\/\/aus.arquitectes.cat\/es\/wp-json\/wp\/v2\/categories?post=13749"},{"taxonomy":"post_tag","embeddable":true,"href":"https:\/\/aus.arquitectes.cat\/es\/wp-json\/wp\/v2\/tags?post=13749"}],"curies":[{"name":"wp","href":"https:\/\/api.w.org\/{rel}","templated":true}]}}