{"id":14770,"date":"2026-02-09T17:39:40","date_gmt":"2026-02-09T17:39:40","guid":{"rendered":"https:\/\/aus.arquitectes.cat\/visita-a-la-xarxaire-aprendre-compartir-coneixement-i-fer-comunitat\/"},"modified":"2026-03-23T11:20:22","modified_gmt":"2026-03-23T11:20:22","slug":"visita-a-la-xarxaire-aprendre-compartir-coneixement-i-fer-comunitat","status":"publish","type":"post","link":"https:\/\/aus.arquitectes.cat\/es\/visita-a-la-xarxaire-aprendre-compartir-coneixement-i-fer-comunitat\/","title":{"rendered":"Visita a La Xarxaire: aprender, compartir conocimiento y crear comunidad"},"content":{"rendered":"<section class=\"l-section wpb_row height_medium\"><div class=\"l-section-h i-cf\"><div class=\"g-cols vc_row via_grid cols_1-3-1 laptops-cols_inherit tablets-cols_inherit mobiles-cols_1 valign_top type_default stacking_default\"><div class=\"wpb_column vc_column_container\"><div class=\"vc_column-inner\"><\/div><\/div><div class=\"wpb_column vc_column_container\"><div class=\"vc_column-inner\"><div class=\"wpb_text_column\"><div class=\"wpb_wrapper\"><p data-start=\"27\" data-end=\"280\">El pasado 28 de enero, un grupo de 16 miembros de AuS \u2013 Agrupaci\u00f3n de Arquitectos por la Sostenibilidad visitamos La Xarxaire, un edificio de vivienda cooperativa situado en el barrio de la Barceloneta de Barcelona y proyectado por <a href=\"https:\/\/lamardarquitectes.cat\/\">La Mar d\u2019Arquitectes<\/a>.<\/p>\n<p data-start=\"282\" data-end=\"549\" data-is-last-node=\"\" data-is-only-node=\"\">La visita se enmarca dentro del programa de actividades y encuentros t\u00e9cnicos que impulsamos desde AuS para acercarnos a proyectos construidos, conocer de primera mano sus procesos y generar espacios de debate en torno a una arquitectura m\u00e1s sostenible y responsable.<\/p>\n<\/div><\/div><div class=\"w-image align_center\"><div url class=\"w-image-h\"><img loading=\"lazy\" decoding=\"async\" width=\"1024\" height=\"703\" src=\"https:\/\/aus.arquitectes.cat\/wp-content\/uploads\/2026\/02\/La-Xarxaire_AUS-1-1024x703.png\" class=\"attachment-large size-large\" alt=\"\" srcset=\"https:\/\/aus.arquitectes.cat\/wp-content\/uploads\/2026\/02\/La-Xarxaire_AUS-1-1024x703.png 1024w, https:\/\/aus.arquitectes.cat\/wp-content\/uploads\/2026\/02\/La-Xarxaire_AUS-1-300x206.png 300w, https:\/\/aus.arquitectes.cat\/wp-content\/uploads\/2026\/02\/La-Xarxaire_AUS-1.png 1134w\" sizes=\"(max-width: 1024px) 100vw, 1024px\" \/><\/div><\/div><div class=\"wpb_text_column\"><div class=\"wpb_wrapper\"><h3><\/h3>\n<h3>Del planteamiento ideal a las decisiones reales<\/h3>\n<\/div><\/div><div class=\"wpb_text_column\"><div class=\"wpb_wrapper\"><p data-start=\"27\" data-end=\"163\">Acompa\u00f1ados por Toni Vidal y Lis Figueras, autores del proyecto, pudimos conocer el recorrido y las decisiones que lo han hecho posible.<\/p>\n<p data-start=\"165\" data-end=\"559\">La propuesta inicial apostaba por un sistema constructivo \u00edntegramente en madera, con forjados y muros de carga de CLT. Sin embargo, el an\u00e1lisis estructural \u2014con el viento incidiendo en tres fachadas y media y una geometr\u00eda esbelta\u2014 evidenci\u00f3 que el edificio requer\u00eda una soluci\u00f3n m\u00e1s robusta. Esto llev\u00f3 a incorporar una estructura met\u00e1lica de pilares y j\u00e1cenas para garantizar la estabilidad.<\/p>\n<p data-start=\"561\" data-end=\"801\" data-is-last-node=\"\" data-is-only-node=\"\">Posteriormente, y debido a otras cuestiones de confort y prestaciones, como la inercia t\u00e9rmica y el aislamiento ac\u00fastico, se tom\u00f3 la decisi\u00f3n de resolver las fachadas con ladrillo cer\u00e1mico hueco, complementando la madera con otros sistemas.<\/p>\n<\/div><\/div><div class=\"w-image align_center\"><div url class=\"w-image-h\"><img loading=\"lazy\" decoding=\"async\" width=\"1024\" height=\"703\" src=\"https:\/\/aus.arquitectes.cat\/wp-content\/uploads\/2026\/02\/La-Xarxaire_AUS-2-1024x703.png\" class=\"attachment-large size-large\" alt=\"\" srcset=\"https:\/\/aus.arquitectes.cat\/wp-content\/uploads\/2026\/02\/La-Xarxaire_AUS-2-1024x703.png 1024w, https:\/\/aus.arquitectes.cat\/wp-content\/uploads\/2026\/02\/La-Xarxaire_AUS-2-300x206.png 300w, https:\/\/aus.arquitectes.cat\/wp-content\/uploads\/2026\/02\/La-Xarxaire_AUS-2.png 1134w\" sizes=\"(max-width: 1024px) 100vw, 1024px\" \/><\/div><\/div><div class=\"wpb_text_column\"><div class=\"wpb_wrapper\"><p>Lejos de una aproximaci\u00f3n purista, el proyecto muestra una actitud pragm\u00e1tica e h\u00edbrida, combinando tecnolog\u00edas constructivas con criterio. El resultado es un edificio que optimiza recursos, reduce su huella y demuestra que la sostenibilidad no es una receta \u00fanica, sino un proceso de ajuste y toma de decisiones informadas.<\/p>\n<\/div><\/div><div class=\"wpb_text_column\"><div class=\"wpb_wrapper\"><h3><\/h3>\n<h3><b>Arquitectura cooperativa, arquitectura con valores<\/b><\/h3>\n<\/div><\/div><div class=\"g-cols wpb_row via_grid cols_2 laptops-cols_inherit tablets-cols_inherit mobiles-cols_1 valign_top type_default stacking_default\"><div class=\"wpb_column vc_column_container\"><div class=\"vc_column-inner\"><div class=\"w-image align_center\"><div url class=\"w-image-h\"><img loading=\"lazy\" decoding=\"async\" width=\"703\" height=\"1024\" src=\"https:\/\/aus.arquitectes.cat\/wp-content\/uploads\/2026\/02\/La-Xarxaire_AUS-3-703x1024.png\" class=\"attachment-large size-large\" alt=\"\" srcset=\"https:\/\/aus.arquitectes.cat\/wp-content\/uploads\/2026\/02\/La-Xarxaire_AUS-3-703x1024.png 703w, https:\/\/aus.arquitectes.cat\/wp-content\/uploads\/2026\/02\/La-Xarxaire_AUS-3-206x300.png 206w, https:\/\/aus.arquitectes.cat\/wp-content\/uploads\/2026\/02\/La-Xarxaire_AUS-3.png 778w\" sizes=\"(max-width: 703px) 100vw, 703px\" \/><\/div><\/div><\/div><\/div><div class=\"wpb_column vc_column_container\"><div class=\"vc_column-inner\"><div class=\"w-image align_center\"><div url class=\"w-image-h\"><img loading=\"lazy\" decoding=\"async\" width=\"703\" height=\"1024\" src=\"https:\/\/aus.arquitectes.cat\/wp-content\/uploads\/2026\/02\/La-Xarxaire_AUS-4-703x1024.png\" class=\"attachment-large size-large\" alt=\"\" srcset=\"https:\/\/aus.arquitectes.cat\/wp-content\/uploads\/2026\/02\/La-Xarxaire_AUS-4-703x1024.png 703w, https:\/\/aus.arquitectes.cat\/wp-content\/uploads\/2026\/02\/La-Xarxaire_AUS-4-206x300.png 206w, https:\/\/aus.arquitectes.cat\/wp-content\/uploads\/2026\/02\/La-Xarxaire_AUS-4.png 778w\" sizes=\"(max-width: 703px) 100vw, 703px\" \/><\/div><\/div><\/div><\/div><\/div><div class=\"wpb_text_column\"><div class=\"wpb_wrapper\"><p data-start=\"27\" data-end=\"272\">M\u00e1s all\u00e1 de los aspectos t\u00e9cnicos, <span class=\"hover:entity-accent entity-underline inline cursor-pointer align-baseline\"><span class=\"whitespace-normal\">La Xarxaire<\/span><\/span> pone de relieve el potencial del modelo cooperativo de vivienda, donde la promoci\u00f3n, el dise\u00f1o y la gesti\u00f3n se construyen desde la colaboraci\u00f3n y el compromiso comunitario.<\/p>\n<p data-start=\"274\" data-end=\"603\">Durante la visita, los arquitectos compartieron con mucha generosidad sus ambiciones, dudas, aprendizajes y tambi\u00e9n las dificultades del proceso. Esta transparencia, a menudo ausente en los relatos de obra terminada, es especialmente valiosa para la pr\u00e1ctica profesional: entender qu\u00e9 funciona, qu\u00e9 ha debido adaptarse y por qu\u00e9.<\/p>\n<p data-start=\"605\" data-end=\"869\" data-is-last-node=\"\" data-is-only-node=\"\">Para los miembros de <span class=\"hover:entity-accent entity-underline inline cursor-pointer align-baseline\"><span class=\"whitespace-normal\">AuS \u2013 Agrupaci\u00f3 d\u2019Arquitectes per la Sostenibilitat<\/span><\/span>, estos espacios se convierten en momentos de aprendizaje colectivo, donde contrastar criterios, compartir experiencias y reforzar una mirada cr\u00edtica sobre la sostenibilidad aplicada a la arquitectura real.<\/p>\n<\/div><\/div><div class=\"wpb_text_column\"><div class=\"wpb_wrapper\"><h3><\/h3>\n<h3>Tejer redes para transformar el sector<\/h3>\n<\/div><\/div><div class=\"w-image align_center\"><div url class=\"w-image-h\"><img loading=\"lazy\" decoding=\"async\" width=\"1024\" height=\"703\" src=\"https:\/\/aus.arquitectes.cat\/wp-content\/uploads\/2026\/02\/La-Xarxaire_AUS-5-1024x703.png\" class=\"attachment-large size-large\" alt=\"\" srcset=\"https:\/\/aus.arquitectes.cat\/wp-content\/uploads\/2026\/02\/La-Xarxaire_AUS-5-1024x703.png 1024w, https:\/\/aus.arquitectes.cat\/wp-content\/uploads\/2026\/02\/La-Xarxaire_AUS-5-300x206.png 300w, https:\/\/aus.arquitectes.cat\/wp-content\/uploads\/2026\/02\/La-Xarxaire_AUS-5.png 1134w\" sizes=\"(max-width: 1024px) 100vw, 1024px\" \/><\/div><\/div><div class=\"wpb_text_column\"><div class=\"wpb_wrapper\"><p data-start=\"27\" data-end=\"270\">En AuS creemos que la transici\u00f3n hacia una arquitectura descarbonizada, saludable y justa no pasa solo por la normativa o la tecnolog\u00eda, sino tambi\u00e9n por crear comunidad profesional, compartir conocimiento y visitar proyectos que nos inspiren.<\/p>\n<p data-start=\"272\" data-end=\"429\">Las visitas de obra, los debates y las jornadas t\u00e9cnicas forman parte de esta voluntad de aprendizaje continuo y de intercambio entre las personas asociadas.<\/p>\n<p data-start=\"431\" data-end=\"567\" data-is-last-node=\"\" data-is-only-node=\"\">Agradecemos sinceramente a Toni Vidal y Lis Figueras que nos abrieran las puertas de este proyecto y lo compartieran con tanta cercan\u00eda.<\/p>\n<\/div><\/div><div class=\"wpb_text_column\"><div class=\"wpb_wrapper\"><h3><\/h3>\n<h3>Participa en m\u00e1s visitas como esta<\/h3>\n<\/div><\/div><div class=\"wpb_text_column\"><div class=\"wpb_wrapper\"><p data-start=\"27\" data-end=\"206\">Si te interesa formar parte de esta red de profesionales comprometidos con la sostenibilidad y participar en visitas, debates y actividades como esta, te animamos a <a href=\"https:\/\/aus.arquitectes.cat\/es\/agrupat\/\">hacerte miembro de AuS.<\/a><\/p>\n<p data-start=\"208\" data-end=\"347\">Seguimos trabajando para generar espacios de encuentro, conocimiento e incidencia que nos ayuden a transformar el sector desde la pr\u00e1ctica.<\/p>\n<p data-start=\"349\" data-end=\"414\" data-is-last-node=\"\" data-is-only-node=\"\">Para m\u00e1s informaci\u00f3n, puedes escribirnos a <a class=\"decorated-link cursor-pointer\" rel=\"noopener\" data-start=\"392\" data-end=\"413\">auscatalunya@coac.cat<\/a>.<\/p>\n<\/div><\/div><\/div><\/div><div class=\"wpb_column vc_column_container\"><div class=\"vc_column-inner\"><\/div><\/div><\/div><\/div><\/section>\n","protected":false},"excerpt":{"rendered":"El pasado 28 de enero, un grupo de 16 miembros de AuS \u2013 Agrupaci\u00f3n de Arquitectos por la Sostenibilidad visitamos La Xarxaire, un edificio de vivienda cooperativa situado en el barrio de la Barceloneta de Barcelona y proyectado por La Mar d\u2019Arquitectes. La visita se enmarca dentro del programa de actividades y encuentros t\u00e9cnicos que...","protected":false},"author":1,"featured_media":14767,"comment_status":"closed","ping_status":"closed","sticky":false,"template":"","format":"standard","meta":{"footnotes":""},"categories":[36,30,45],"tags":[],"yoast_head":"<!-- This site is optimized with the Yoast SEO plugin v22.9 - https:\/\/yoast.com\/wordpress\/plugins\/seo\/ -->\n<title>Visita a La Xarxaire: aprender, compartir conocimiento y crear comunidad - AUS Arquitectes<\/title>\n<meta name=\"robots\" content=\"index, follow, max-snippet:-1, max-image-preview:large, max-video-preview:-1\" \/>\n<link rel=\"canonical\" href=\"https:\/\/aus.arquitectes.cat\/es\/visita-a-la-xarxaire-aprendre-compartir-coneixement-i-fer-comunitat\/\" \/>\n<meta property=\"og:locale\" content=\"es_ES\" \/>\n<meta property=\"og:type\" content=\"article\" \/>\n<meta property=\"og:title\" content=\"Visita a La Xarxaire: aprender, compartir conocimiento y crear comunidad - AUS Arquitectes\" \/>\n<meta property=\"og:url\" content=\"https:\/\/aus.arquitectes.cat\/es\/visita-a-la-xarxaire-aprendre-compartir-coneixement-i-fer-comunitat\/\" \/>\n<meta property=\"og:site_name\" content=\"AUS Arquitectes\" \/>\n<meta property=\"article:published_time\" content=\"2026-02-09T17:39:40+00:00\" \/>\n<meta property=\"article:modified_time\" content=\"2026-03-23T11:20:22+00:00\" \/>\n<meta property=\"og:image\" content=\"https:\/\/aus.arquitectes.cat\/wp-content\/uploads\/2026\/02\/DRB_2023_LA_MAR_Xarxaire_28-150x150-2.jpg\" \/>\n\t<meta property=\"og:image:width\" content=\"746\" \/>\n\t<meta property=\"og:image:height\" content=\"469\" \/>\n\t<meta property=\"og:image:type\" content=\"image\/jpeg\" \/>\n<meta name=\"author\" content=\"Aus Arquitectes\" \/>\n<meta name=\"twitter:card\" content=\"summary_large_image\" \/>\n<meta name=\"twitter:label1\" content=\"Escrito por\" \/>\n\t<meta name=\"twitter:data1\" content=\"Aus Arquitectes\" \/>\n\t<meta name=\"twitter:label2\" content=\"Tiempo de lectura\" \/>\n\t<meta name=\"twitter:data2\" content=\"5 minutos\" \/>\n<script type=\"application\/ld+json\" class=\"yoast-schema-graph\">{\"@context\":\"https:\/\/schema.org\",\"@graph\":[{\"@type\":\"WebPage\",\"@id\":\"https:\/\/aus.arquitectes.cat\/es\/visita-a-la-xarxaire-aprendre-compartir-coneixement-i-fer-comunitat\/\",\"url\":\"https:\/\/aus.arquitectes.cat\/es\/visita-a-la-xarxaire-aprendre-compartir-coneixement-i-fer-comunitat\/\",\"name\":\"Visita a La Xarxaire: aprender, compartir conocimiento y crear comunidad - AUS Arquitectes\",\"isPartOf\":{\"@id\":\"https:\/\/aus.arquitectes.cat\/#website\"},\"primaryImageOfPage\":{\"@id\":\"https:\/\/aus.arquitectes.cat\/es\/visita-a-la-xarxaire-aprendre-compartir-coneixement-i-fer-comunitat\/#primaryimage\"},\"image\":{\"@id\":\"https:\/\/aus.arquitectes.cat\/es\/visita-a-la-xarxaire-aprendre-compartir-coneixement-i-fer-comunitat\/#primaryimage\"},\"thumbnailUrl\":\"https:\/\/aus.arquitectes.cat\/wp-content\/uploads\/2026\/02\/DRB_2023_LA_MAR_Xarxaire_28-150x150-2.jpg\",\"datePublished\":\"2026-02-09T17:39:40+00:00\",\"dateModified\":\"2026-03-23T11:20:22+00:00\",\"author\":{\"@id\":\"https:\/\/aus.arquitectes.cat\/#\/schema\/person\/68e683ebcd4ef31cbfbcd311fae01f97\"},\"breadcrumb\":{\"@id\":\"https:\/\/aus.arquitectes.cat\/es\/visita-a-la-xarxaire-aprendre-compartir-coneixement-i-fer-comunitat\/#breadcrumb\"},\"inLanguage\":\"es\",\"potentialAction\":[{\"@type\":\"ReadAction\",\"target\":[\"https:\/\/aus.arquitectes.cat\/es\/visita-a-la-xarxaire-aprendre-compartir-coneixement-i-fer-comunitat\/\"]}]},{\"@type\":\"ImageObject\",\"inLanguage\":\"es\",\"@id\":\"https:\/\/aus.arquitectes.cat\/es\/visita-a-la-xarxaire-aprendre-compartir-coneixement-i-fer-comunitat\/#primaryimage\",\"url\":\"https:\/\/aus.arquitectes.cat\/wp-content\/uploads\/2026\/02\/DRB_2023_LA_MAR_Xarxaire_28-150x150-2.jpg\",\"contentUrl\":\"https:\/\/aus.arquitectes.cat\/wp-content\/uploads\/2026\/02\/DRB_2023_LA_MAR_Xarxaire_28-150x150-2.jpg\",\"width\":746,\"height\":469},{\"@type\":\"BreadcrumbList\",\"@id\":\"https:\/\/aus.arquitectes.cat\/es\/visita-a-la-xarxaire-aprendre-compartir-coneixement-i-fer-comunitat\/#breadcrumb\",\"itemListElement\":[{\"@type\":\"ListItem\",\"position\":1,\"name\":\"Portada\",\"item\":\"https:\/\/aus.arquitectes.cat\/es\/\"},{\"@type\":\"ListItem\",\"position\":2,\"name\":\"Visita a La Xarxaire: aprender, compartir conocimiento y crear comunidad\"}]},{\"@type\":\"WebSite\",\"@id\":\"https:\/\/aus.arquitectes.cat\/#website\",\"url\":\"https:\/\/aus.arquitectes.cat\/\",\"name\":\"AUS Arquitectes\",\"description\":\"\",\"potentialAction\":[{\"@type\":\"SearchAction\",\"target\":{\"@type\":\"EntryPoint\",\"urlTemplate\":\"https:\/\/aus.arquitectes.cat\/?s={search_term_string}\"},\"query-input\":\"required name=search_term_string\"}],\"inLanguage\":\"es\"},{\"@type\":\"Person\",\"@id\":\"https:\/\/aus.arquitectes.cat\/#\/schema\/person\/68e683ebcd4ef31cbfbcd311fae01f97\",\"name\":\"Aus Arquitectes\",\"sameAs\":[\"https:\/\/aus.tctprojects.com\"],\"url\":\"https:\/\/aus.arquitectes.cat\/es\/author\/c3sc\/\"}]}<\/script>\n<!-- \/ Yoast SEO plugin. -->","yoast_head_json":{"title":"Visita a La Xarxaire: aprender, compartir conocimiento y crear comunidad - AUS Arquitectes","robots":{"index":"index","follow":"follow","max-snippet":"max-snippet:-1","max-image-preview":"max-image-preview:large","max-video-preview":"max-video-preview:-1"},"canonical":"https:\/\/aus.arquitectes.cat\/es\/visita-a-la-xarxaire-aprendre-compartir-coneixement-i-fer-comunitat\/","og_locale":"es_ES","og_type":"article","og_title":"Visita a La Xarxaire: aprender, compartir conocimiento y crear comunidad - AUS Arquitectes","og_url":"https:\/\/aus.arquitectes.cat\/es\/visita-a-la-xarxaire-aprendre-compartir-coneixement-i-fer-comunitat\/","og_site_name":"AUS Arquitectes","article_published_time":"2026-02-09T17:39:40+00:00","article_modified_time":"2026-03-23T11:20:22+00:00","og_image":[{"width":746,"height":469,"url":"https:\/\/aus.arquitectes.cat\/wp-content\/uploads\/2026\/02\/DRB_2023_LA_MAR_Xarxaire_28-150x150-2.jpg","type":"image\/jpeg"}],"author":"Aus Arquitectes","twitter_card":"summary_large_image","twitter_misc":{"Escrito por":"Aus Arquitectes","Tiempo de lectura":"5 minutos"},"schema":{"@context":"https:\/\/schema.org","@graph":[{"@type":"WebPage","@id":"https:\/\/aus.arquitectes.cat\/es\/visita-a-la-xarxaire-aprendre-compartir-coneixement-i-fer-comunitat\/","url":"https:\/\/aus.arquitectes.cat\/es\/visita-a-la-xarxaire-aprendre-compartir-coneixement-i-fer-comunitat\/","name":"Visita a La Xarxaire: aprender, compartir conocimiento y crear comunidad - AUS Arquitectes","isPartOf":{"@id":"https:\/\/aus.arquitectes.cat\/#website"},"primaryImageOfPage":{"@id":"https:\/\/aus.arquitectes.cat\/es\/visita-a-la-xarxaire-aprendre-compartir-coneixement-i-fer-comunitat\/#primaryimage"},"image":{"@id":"https:\/\/aus.arquitectes.cat\/es\/visita-a-la-xarxaire-aprendre-compartir-coneixement-i-fer-comunitat\/#primaryimage"},"thumbnailUrl":"https:\/\/aus.arquitectes.cat\/wp-content\/uploads\/2026\/02\/DRB_2023_LA_MAR_Xarxaire_28-150x150-2.jpg","datePublished":"2026-02-09T17:39:40+00:00","dateModified":"2026-03-23T11:20:22+00:00","author":{"@id":"https:\/\/aus.arquitectes.cat\/#\/schema\/person\/68e683ebcd4ef31cbfbcd311fae01f97"},"breadcrumb":{"@id":"https:\/\/aus.arquitectes.cat\/es\/visita-a-la-xarxaire-aprendre-compartir-coneixement-i-fer-comunitat\/#breadcrumb"},"inLanguage":"es","potentialAction":[{"@type":"ReadAction","target":["https:\/\/aus.arquitectes.cat\/es\/visita-a-la-xarxaire-aprendre-compartir-coneixement-i-fer-comunitat\/"]}]},{"@type":"ImageObject","inLanguage":"es","@id":"https:\/\/aus.arquitectes.cat\/es\/visita-a-la-xarxaire-aprendre-compartir-coneixement-i-fer-comunitat\/#primaryimage","url":"https:\/\/aus.arquitectes.cat\/wp-content\/uploads\/2026\/02\/DRB_2023_LA_MAR_Xarxaire_28-150x150-2.jpg","contentUrl":"https:\/\/aus.arquitectes.cat\/wp-content\/uploads\/2026\/02\/DRB_2023_LA_MAR_Xarxaire_28-150x150-2.jpg","width":746,"height":469},{"@type":"BreadcrumbList","@id":"https:\/\/aus.arquitectes.cat\/es\/visita-a-la-xarxaire-aprendre-compartir-coneixement-i-fer-comunitat\/#breadcrumb","itemListElement":[{"@type":"ListItem","position":1,"name":"Portada","item":"https:\/\/aus.arquitectes.cat\/es\/"},{"@type":"ListItem","position":2,"name":"Visita a La Xarxaire: aprender, compartir conocimiento y crear comunidad"}]},{"@type":"WebSite","@id":"https:\/\/aus.arquitectes.cat\/#website","url":"https:\/\/aus.arquitectes.cat\/","name":"AUS Arquitectes","description":"","potentialAction":[{"@type":"SearchAction","target":{"@type":"EntryPoint","urlTemplate":"https:\/\/aus.arquitectes.cat\/?s={search_term_string}"},"query-input":"required name=search_term_string"}],"inLanguage":"es"},{"@type":"Person","@id":"https:\/\/aus.arquitectes.cat\/#\/schema\/person\/68e683ebcd4ef31cbfbcd311fae01f97","name":"Aus Arquitectes","sameAs":["https:\/\/aus.tctprojects.com"],"url":"https:\/\/aus.arquitectes.cat\/es\/author\/c3sc\/"}]}},"_links":{"self":[{"href":"https:\/\/aus.arquitectes.cat\/es\/wp-json\/wp\/v2\/posts\/14770"}],"collection":[{"href":"https:\/\/aus.arquitectes.cat\/es\/wp-json\/wp\/v2\/posts"}],"about":[{"href":"https:\/\/aus.arquitectes.cat\/es\/wp-json\/wp\/v2\/types\/post"}],"author":[{"embeddable":true,"href":"https:\/\/aus.arquitectes.cat\/es\/wp-json\/wp\/v2\/users\/1"}],"replies":[{"embeddable":true,"href":"https:\/\/aus.arquitectes.cat\/es\/wp-json\/wp\/v2\/comments?post=14770"}],"version-history":[{"count":3,"href":"https:\/\/aus.arquitectes.cat\/es\/wp-json\/wp\/v2\/posts\/14770\/revisions"}],"predecessor-version":[{"id":14777,"href":"https:\/\/aus.arquitectes.cat\/es\/wp-json\/wp\/v2\/posts\/14770\/revisions\/14777"}],"wp:featuredmedia":[{"embeddable":true,"href":"https:\/\/aus.arquitectes.cat\/es\/wp-json\/wp\/v2\/media\/14767"}],"wp:attachment":[{"href":"https:\/\/aus.arquitectes.cat\/es\/wp-json\/wp\/v2\/media?parent=14770"}],"wp:term":[{"taxonomy":"category","embeddable":true,"href":"https:\/\/aus.arquitectes.cat\/es\/wp-json\/wp\/v2\/categories?post=14770"},{"taxonomy":"post_tag","embeddable":true,"href":"https:\/\/aus.arquitectes.cat\/es\/wp-json\/wp\/v2\/tags?post=14770"}],"curies":[{"name":"wp","href":"https:\/\/api.w.org\/{rel}","templated":true}]}}