{"id":15072,"date":"2026-03-24T11:00:56","date_gmt":"2026-03-24T11:00:56","guid":{"rendered":"https:\/\/aus.arquitectes.cat\/?p=15072"},"modified":"2026-03-24T11:00:57","modified_gmt":"2026-03-24T11:00:57","slug":"visita-a-bergueda-bages-madera-industrializacion-y-bioeconomia-local","status":"publish","type":"post","link":"https:\/\/aus.arquitectes.cat\/es\/visita-a-bergueda-bages-madera-industrializacion-y-bioeconomia-local\/","title":{"rendered":"Visita a Bergued\u00e0-Bages: madera, industrializaci\u00f3n y bioeconom\u00eda local"},"content":{"rendered":"<section class=\"l-section wpb_row height_medium\"><div class=\"l-section-h i-cf\"><div class=\"g-cols vc_row via_grid cols_1-3-1 laptops-cols_inherit tablets-cols_inherit mobiles-cols_1 valign_top type_default stacking_default\"><div class=\"wpb_column vc_column_container\"><div class=\"vc_column-inner\"><\/div><\/div><div class=\"wpb_column vc_column_container\"><div class=\"vc_column-inner\"><div class=\"wpb_text_column\"><div class=\"wpb_wrapper\"><p data-start=\"0\" data-end=\"295\">El pasado mi\u00e9rcoles <strong>11 de marzo<\/strong>, un grupo de personas agrupadas en AUS \u2013 Agrupaci\u00f3n de Arquitectos por la Sostenibilidad participamos en una <strong>visita t\u00e9cnica al Bergued\u00e0\/Bages<\/strong> centrada en la construcci\u00f3n con madera, la industrializaci\u00f3n y el desarrollo de la bioeconom\u00eda forestal en el territorio.<\/p>\n<p data-start=\"297\" data-end=\"570\" data-is-last-node=\"\" data-is-only-node=\"\">La jornada se enmarca dentro del programa de <strong>visitas t\u00e9cnicas de AUS<\/strong>, con el objetivo de acercarnos a experiencias reales, comprender procesos productivos y constructivos y generar espacios de encuentro entre profesionales comprometidos con una arquitectura m\u00e1s sostenible.<\/p>\n<\/div><\/div><div class=\"wpb_text_column\"><div class=\"wpb_wrapper\"><h3><\/h3>\n<div class=\"flex max-w-full flex-col gap-4 grow\">\n<div class=\"min-h-8 text-message relative flex w-full flex-col items-end gap-2 text-start break-words whitespace-normal outline-none keyboard-focused:focus-ring &#091;.text-message+&amp;&#093;:mt-1\" dir=\"auto\" tabindex=\"0\" data-message-author-role=\"assistant\" data-message-id=\"2d576597-daf6-4ad8-bfba-cffcce8c7e7a\" data-message-model-slug=\"gpt-5-3\" data-turn-start-message=\"true\">\n<div class=\"flex w-full flex-col gap-1 empty:hidden\">\n<div class=\"markdown prose dark:prose-invert w-full wrap-break-word light markdown-new-styling\">\n<h3 data-start=\"0\" data-end=\"55\">Grupo Boix: impulsando la bioeconom\u00eda forestal catalana<\/h3>\n<\/div>\n<\/div>\n<\/div>\n<\/div>\n<div class=\"z-0 flex min-h-&#091;46px&#093; justify-start\"><\/div>\n<div class=\"mt-3 w-full empty:hidden\">\n<div class=\"text-center\">\n<div>\n<div class=\"inline-flex border border-gray-100 dark:border-gray-700 rounded-xl\">\n<div class=\"bg-token-main-surface-tertiary w-px flex-1 self-stretch\"><\/div>\n<\/div>\n<\/div>\n<\/div>\n<\/div>\n<\/div><\/div><div class=\"w-slider style_none fit_scaledown\"><div class=\"w-slider-h\"><div class=\"royalSlider\"><div class=\"rsContent\"><a class=\"rsImg\" data-rsw=\"1024\" data-rsh=\"576\" href=\"https:\/\/aus.arquitectes.cat\/wp-content\/uploads\/2026\/03\/WhatsApp-Image-2026-03-11-at-17.48.34-2-1024x576.jpeg\"><span data-alt=\"\"><\/span><\/a><\/div><div class=\"rsContent\"><a class=\"rsImg\" data-rsw=\"576\" data-rsh=\"1024\" href=\"https:\/\/aus.arquitectes.cat\/wp-content\/uploads\/2026\/03\/WhatsApp-Image-2026-03-11-at-17.48.34-1-1-576x1024.jpeg\"><span data-alt=\"\"><\/span><\/a><\/div><div class=\"rsContent\"><a class=\"rsImg\" data-rsw=\"1024\" data-rsh=\"576\" href=\"https:\/\/aus.arquitectes.cat\/wp-content\/uploads\/2026\/03\/WhatsApp-Image-2026-03-11-at-17.48.35-2-1-1024x576.jpeg\"><span data-alt=\"\"><\/span><\/a><\/div><\/div><img decoding=\"async\" src=\"https:\/\/aus.arquitectes.cat\/wp-content\/uploads\/2026\/03\/WhatsApp-Image-2026-03-11-at-17.48.34-2-1024x576.jpeg\" width=\"1024\" height=\"576\" alt loading=\"lazy\"><\/div><div class=\"w-slider-json\" onclick='return {&quot;autoScaleSlider&quot;:true,&quot;loop&quot;:true,&quot;fadeInLoadedSlide&quot;:false,&quot;slidesSpacing&quot;:0,&quot;imageScalePadding&quot;:0,&quot;numImagesToPreload&quot;:2,&quot;arrowsNav&quot;:true,&quot;arrowsNavAutoHide&quot;:false,&quot;transitionType&quot;:&quot;move&quot;,&quot;transitionSpeed&quot;:250,&quot;block&quot;:{&quot;moveEffect&quot;:&quot;none&quot;,&quot;speed&quot;:300},&quot;thumbs&quot;:{&quot;fitInViewport&quot;:false},&quot;controlNavigation&quot;:&quot;none&quot;,&quot;imageScaleMode&quot;:&quot;fit-if-smaller&quot;,&quot;autoScaleSliderWidth&quot;:1024,&quot;autoScaleSliderHeight&quot;:576}'><\/div><\/div><div class=\"wpb_text_column\"><div class=\"wpb_wrapper\"><p data-start=\"0\" data-end=\"211\">La jornada comenz\u00f3 en la nueva f\u00e1brica de paneles CLT (Cross Laminated Timber) del Grupo Boix, donde pudimos conocer de primera mano la evoluci\u00f3n de la empresa y su apuesta estrat\u00e9gica por la madera estructural.<\/p>\n<p data-start=\"213\" data-end=\"538\">Durante la visita, el equipo del <strong><a href=\"https:\/\/www.grupboix.com\/es\/\">Grupo Boix<\/a><\/strong> nos explic\u00f3 la trayectoria de la empresa, profundamente arraigada en el territorio, y c\u00f3mo han dado el paso hacia la producci\u00f3n de paneles CLT a partir de madera local (principalmente pino silvestre y pino laricio), contribuyendo as\u00ed a activar la cadena de valor forestal catalana.<\/p>\n<p data-start=\"540\" data-end=\"883\">Esta inversi\u00f3n industrial \u2014que consolida al Grupo como un actor clave en el desarrollo de la bioeconom\u00eda forestal\u2014 pone de manifiesto el potencial de la madera como material estructural, no solo por su capacidad de reducci\u00f3n de emisiones, sino tambi\u00e9n por su contribuci\u00f3n a la gesti\u00f3n sostenible de los bosques y al desarrollo econ\u00f3mico local.<\/p>\n<p data-start=\"885\" data-end=\"1088\" data-is-last-node=\"\" data-is-only-node=\"\">La visita a la f\u00e1brica nos permiti\u00f3 entender el proceso de producci\u00f3n del CLT, desde la selecci\u00f3n y tratamiento de la madera hasta la fabricaci\u00f3n de los paneles, as\u00ed como sus aplicaciones en edificaci\u00f3n.<\/p>\n<\/div><\/div><div class=\"wpb_text_column\"><div class=\"wpb_wrapper\"><h3><\/h3>\n<div class=\"flex flex-col text-sm pb-25\">\n<section class=\"text-token-text-primary w-full focus:outline-none &#091;--shadow-height:45px&#093; has-data-writing-block:pointer-events-none has-data-writing-block:-mt-(--shadow-height) has-data-writing-block:pt-(--shadow-height) &#091;&amp;:has(&#091;data-writing-block&#093;)&gt;*&#093;:pointer-events-auto scroll-mt-&#091;calc(var(--header-height)+min(200px,max(70px,20svh)))&#093;\" dir=\"auto\" data-turn-id=\"request-WEB:f5352f9d-0ef8-4572-a5ba-d186043f2807-6\" data-testid=\"conversation-turn-10\" data-scroll-anchor=\"true\" data-turn=\"assistant\">\n<div class=\"text-base my-auto mx-auto pb-10 &#091;--thread-content-margin:var(--thread-content-margin-xs,calc(var(--spacing)*4))&#093; @w-sm\/main:&#091;--thread-content-margin:var(--thread-content-margin-sm,calc(var(--spacing)*6))&#093; @w-lg\/main:&#091;--thread-content-margin:var(--thread-content-margin-lg,calc(var(--spacing)*16))&#093; px-(--thread-content-margin)\">\n<div class=\"&#091;--thread-content-max-width:40rem&#093; @w-lg\/main:&#091;--thread-content-max-width:48rem&#093; mx-auto max-w-(--thread-content-max-width) flex-1 group\/turn-messages focus-visible:outline-hidden relative flex w-full min-w-0 flex-col agent-turn\">\n<div class=\"flex max-w-full flex-col gap-4 grow\">\n<div class=\"min-h-8 text-message relative flex w-full flex-col items-end gap-2 text-start break-words whitespace-normal outline-none keyboard-focused:focus-ring &#091;.text-message+&amp;&#093;:mt-1\" dir=\"auto\" tabindex=\"0\" data-message-author-role=\"assistant\" data-message-id=\"0dacc702-e5fa-419f-b233-5ba62decc266\" data-message-model-slug=\"gpt-5-3\" data-turn-start-message=\"true\">\n<div class=\"flex w-full flex-col gap-1 empty:hidden\">\n<div class=\"markdown prose dark:prose-invert w-full wrap-break-word light markdown-new-styling\">\n<h3 data-start=\"0\" data-end=\"63\">Tallfusta: industrializaci\u00f3n y sistemas constructivos en madera<\/h3>\n<\/div>\n<\/div>\n<\/div>\n<\/div>\n<div class=\"z-0 flex min-h-&#091;46px&#093; justify-start\"><\/div>\n<div class=\"mt-3 w-full empty:hidden\">\n<div class=\"text-center\"><\/div>\n<\/div>\n<\/div>\n<\/div>\n<\/section>\n<\/div>\n<div class=\"pointer-events-none h-px w-px absolute bottom-0\" aria-hidden=\"true\" data-edge=\"true\"><\/div>\n<\/div><\/div><div class=\"w-slider style_none fit_scaledown\"><div class=\"w-slider-h\"><div class=\"royalSlider\"><div class=\"rsContent\"><a class=\"rsImg\" data-rsw=\"1024\" data-rsh=\"473\" href=\"https:\/\/aus.arquitectes.cat\/wp-content\/uploads\/2026\/03\/WhatsApp-Image-2026-03-11-at-12.10.09-1-1-1024x473.jpeg\"><span data-alt=\"\"><\/span><\/a><\/div><div class=\"rsContent\"><a class=\"rsImg\" data-rsw=\"1024\" data-rsh=\"576\" href=\"https:\/\/aus.arquitectes.cat\/wp-content\/uploads\/2026\/03\/WhatsApp-Image-2026-03-11-at-17.48.42-1-1024x576.jpeg\"><span data-alt=\"\"><\/span><\/a><\/div><\/div><img decoding=\"async\" src=\"https:\/\/aus.arquitectes.cat\/wp-content\/uploads\/2026\/03\/WhatsApp-Image-2026-03-11-at-12.10.09-1-1-1024x473.jpeg\" width=\"1024\" height=\"473\" alt loading=\"lazy\"><\/div><div class=\"w-slider-json\" onclick='return {&quot;autoScaleSlider&quot;:true,&quot;loop&quot;:true,&quot;fadeInLoadedSlide&quot;:false,&quot;slidesSpacing&quot;:0,&quot;imageScalePadding&quot;:0,&quot;numImagesToPreload&quot;:2,&quot;arrowsNav&quot;:true,&quot;arrowsNavAutoHide&quot;:false,&quot;transitionType&quot;:&quot;move&quot;,&quot;transitionSpeed&quot;:250,&quot;block&quot;:{&quot;moveEffect&quot;:&quot;none&quot;,&quot;speed&quot;:300},&quot;thumbs&quot;:{&quot;fitInViewport&quot;:false},&quot;controlNavigation&quot;:&quot;none&quot;,&quot;imageScaleMode&quot;:&quot;fit-if-smaller&quot;,&quot;autoScaleSliderWidth&quot;:1024,&quot;autoScaleSliderHeight&quot;:473}'><\/div><\/div><div class=\"wpb_text_column\"><div class=\"wpb_wrapper\"><p data-start=\"0\" data-end=\"178\">La segunda parada de la jornada fue en <a href=\"https:\/\/www.tallfusta.com\/es\/inicio-2\/\"><strong>Tallfusta<\/strong><\/a>, empresa especializada en construcci\u00f3n con madera, donde conocimos su trayectoria, evoluci\u00f3n y posicionamiento dentro del sector.<\/p>\n<p data-start=\"180\" data-end=\"440\">Desde Tallfusta nos explicaron su apuesta por acompa\u00f1ar a promotores y equipos t\u00e9cnicos en el desarrollo de proyectos con madera, optimizando dise\u00f1os y sistemas constructivos a partir de los diferentes productos de madera tecnol\u00f3gica disponibles en el mercado.<\/p>\n<p data-start=\"442\" data-end=\"691\">Su enfoque pone un \u00e9nfasis especial en la industrializaci\u00f3n de los procesos constructivos, con el objetivo de mejorar la eficiencia, reducir plazos y garantizar una mayor calidad en la ejecuci\u00f3n, siempre con una mirada clara hacia la sostenibilidad.<\/p>\n<p data-start=\"693\" data-end=\"969\" data-is-last-node=\"\" data-is-only-node=\"\">Durante la visita a sus instalaciones pudimos ver en proceso de fabricaci\u00f3n diferentes elementos constructivos, entre los que destacaban las fachadas prefabricadas de un edificio de vivienda cooperativa impulsado por Sostre C\u00edvic y dise\u00f1ado por Lacol arquitectura cooperativa.<\/p>\n<\/div><\/div><div class=\"wpb_text_column\"><div class=\"wpb_wrapper\"><h3><\/h3>\n<div class=\"flex flex-col text-sm pb-25\">\n<section class=\"text-token-text-primary w-full focus:outline-none &#091;--shadow-height:45px&#093; has-data-writing-block:pointer-events-none has-data-writing-block:-mt-(--shadow-height) has-data-writing-block:pt-(--shadow-height) &#091;&amp;:has(&#091;data-writing-block&#093;)&gt;*&#093;:pointer-events-auto scroll-mt-&#091;calc(var(--header-height)+min(200px,max(70px,20svh)))&#093;\" dir=\"auto\" data-turn-id=\"request-WEB:f5352f9d-0ef8-4572-a5ba-d186043f2807-8\" data-testid=\"conversation-turn-14\" data-scroll-anchor=\"true\" data-turn=\"assistant\">\n<div class=\"text-base my-auto mx-auto pb-10 &#091;--thread-content-margin:var(--thread-content-margin-xs,calc(var(--spacing)*4))&#093; @w-sm\/main:&#091;--thread-content-margin:var(--thread-content-margin-sm,calc(var(--spacing)*6))&#093; @w-lg\/main:&#091;--thread-content-margin:var(--thread-content-margin-lg,calc(var(--spacing)*16))&#093; px-(--thread-content-margin)\">\n<div class=\"&#091;--thread-content-max-width:40rem&#093; @w-lg\/main:&#091;--thread-content-max-width:48rem&#093; mx-auto max-w-(--thread-content-max-width) flex-1 group\/turn-messages focus-visible:outline-hidden relative flex w-full min-w-0 flex-col agent-turn\">\n<div class=\"flex max-w-full flex-col gap-4 grow\">\n<div class=\"min-h-8 text-message relative flex w-full flex-col items-end gap-2 text-start break-words whitespace-normal outline-none keyboard-focused:focus-ring &#091;.text-message+&amp;&#093;:mt-1\" dir=\"auto\" tabindex=\"0\" data-message-author-role=\"assistant\" data-message-id=\"a187c282-7539-452a-84c9-bc4b0c06a891\" data-message-model-slug=\"gpt-5-3\" data-turn-start-message=\"true\">\n<div class=\"flex w-full flex-col gap-1 empty:hidden\">\n<div class=\"markdown prose dark:prose-invert w-full wrap-break-word light markdown-new-styling\">\n<h3 data-start=\"0\" data-end=\"45\">Del taller a la obra: el proyecto La Bertrana<\/h3>\n<\/div>\n<\/div>\n<\/div>\n<\/div>\n<div class=\"z-0 flex min-h-&#091;46px&#093; justify-start\"><\/div>\n<div class=\"mt-3 w-full empty:hidden\">\n<div class=\"text-center\"><\/div>\n<\/div>\n<\/div>\n<\/div>\n<\/section>\n<\/div>\n<div class=\"pointer-events-none h-px w-px absolute bottom-0\" aria-hidden=\"true\" data-edge=\"true\"><\/div>\n<\/div><\/div><div class=\"w-image align_center\"><div url class=\"w-image-h\"><img loading=\"lazy\" decoding=\"async\" width=\"1024\" height=\"576\" src=\"https:\/\/aus.arquitectes.cat\/wp-content\/uploads\/2026\/03\/WhatsApp-Image-2026-03-11-at-17.48.43-1-1-1024x576.jpeg\" class=\"attachment-large size-large\" alt=\"\" srcset=\"https:\/\/aus.arquitectes.cat\/wp-content\/uploads\/2026\/03\/WhatsApp-Image-2026-03-11-at-17.48.43-1-1-1024x576.jpeg 1024w, https:\/\/aus.arquitectes.cat\/wp-content\/uploads\/2026\/03\/WhatsApp-Image-2026-03-11-at-17.48.43-1-1-300x169.jpeg 300w, https:\/\/aus.arquitectes.cat\/wp-content\/uploads\/2026\/03\/WhatsApp-Image-2026-03-11-at-17.48.43-1-1-scaled.jpeg 1660w\" sizes=\"(max-width: 1024px) 100vw, 1024px\" \/><\/div><\/div><div class=\"wpb_text_column\"><div class=\"wpb_wrapper\"><p data-start=\"0\" data-end=\"350\">Despu\u00e9s de una comida conjunta en Manresa \u2014que se convirti\u00f3 tambi\u00e9n en un espacio valioso para compartir inquietudes y experiencias profesionales\u2014, la jornada continu\u00f3 con la visita a la obra de La Bertrana, un proyecto de <strong><a href=\"https:\/\/lacol.coop\/es\/cooperativa\/\">Lacol arquitectura cooperativa<\/a><\/strong>, donde se pudieron observar in situ los elementos prefabricados previamente vistos en el taller.<\/p>\n<p data-start=\"352\" data-end=\"570\">Esta \u00faltima visita permiti\u00f3 entender de manera directa el proceso de montaje en obra, evidenciando las ventajas de la construcci\u00f3n industrializada en madera en t\u00e9rminos de rapidez, precisi\u00f3n y optimizaci\u00f3n de recursos.<\/p>\n<p data-start=\"572\" data-end=\"797\" data-is-last-node=\"\" data-is-only-node=\"\">Ver el paso de la fabricaci\u00f3n al montaje hizo especialmente tangible la l\u00f3gica del sistema constructivo, as\u00ed como su capacidad para dar respuesta a proyectos de vivienda colectiva con criterios de sostenibilidad y eficiencia.<\/p>\n<\/div><\/div><div class=\"wpb_text_column\"><div class=\"wpb_wrapper\"><h3><\/h3>\n<div class=\"flex flex-col text-sm pb-25\">\n<section class=\"text-token-text-primary w-full focus:outline-none &#091;--shadow-height:45px&#093; has-data-writing-block:pointer-events-none has-data-writing-block:-mt-(--shadow-height) has-data-writing-block:pt-(--shadow-height) &#091;&amp;:has(&#091;data-writing-block&#093;)&gt;*&#093;:pointer-events-auto scroll-mt-&#091;calc(var(--header-height)+min(200px,max(70px,20svh)))&#093;\" dir=\"auto\" data-turn-id=\"request-WEB:f5352f9d-0ef8-4572-a5ba-d186043f2807-10\" data-testid=\"conversation-turn-18\" data-scroll-anchor=\"true\" data-turn=\"assistant\">\n<div class=\"text-base my-auto mx-auto pb-10 &#091;--thread-content-margin:var(--thread-content-margin-xs,calc(var(--spacing)*4))&#093; @w-sm\/main:&#091;--thread-content-margin:var(--thread-content-margin-sm,calc(var(--spacing)*6))&#093; @w-lg\/main:&#091;--thread-content-margin:var(--thread-content-margin-lg,calc(var(--spacing)*16))&#093; px-(--thread-content-margin)\">\n<div class=\"&#091;--thread-content-max-width:40rem&#093; @w-lg\/main:&#091;--thread-content-max-width:48rem&#093; mx-auto max-w-(--thread-content-max-width) flex-1 group\/turn-messages focus-visible:outline-hidden relative flex w-full min-w-0 flex-col agent-turn\">\n<div class=\"flex max-w-full flex-col gap-4 grow\">\n<div class=\"min-h-8 text-message relative flex w-full flex-col items-end gap-2 text-start break-words whitespace-normal outline-none keyboard-focused:focus-ring &#091;.text-message+&amp;&#093;:mt-1\" dir=\"auto\" tabindex=\"0\" data-message-author-role=\"assistant\" data-message-id=\"9aea030a-2711-4284-a549-13b47c71085b\" data-message-model-slug=\"gpt-5-3\" data-turn-start-message=\"true\">\n<div class=\"flex w-full flex-col gap-1 empty:hidden\">\n<div class=\"markdown prose dark:prose-invert w-full wrap-break-word light markdown-new-styling\">\n<h3 data-start=\"0\" data-end=\"44\">Aprender de la pr\u00e1ctica y conectar el sector<\/h3>\n<\/div>\n<\/div>\n<\/div>\n<\/div>\n<div class=\"z-0 flex min-h-&#091;46px&#093; justify-start\"><\/div>\n<div class=\"mt-3 w-full empty:hidden\">\n<div class=\"text-center\"><\/div>\n<\/div>\n<\/div>\n<\/div>\n<\/section>\n<\/div>\n<div class=\"pointer-events-none h-px w-px absolute bottom-0\" aria-hidden=\"true\" data-edge=\"true\"><\/div>\n<\/div><\/div><div class=\"w-image align_center\"><div url class=\"w-image-h\"><img loading=\"lazy\" decoding=\"async\" width=\"1024\" height=\"576\" src=\"https:\/\/aus.arquitectes.cat\/wp-content\/uploads\/2026\/03\/WhatsApp-Image-2026-03-11-at-17.48.43-2-1024x576.jpeg\" class=\"attachment-large size-large\" alt=\"\" srcset=\"https:\/\/aus.arquitectes.cat\/wp-content\/uploads\/2026\/03\/WhatsApp-Image-2026-03-11-at-17.48.43-2-1024x576.jpeg 1024w, https:\/\/aus.arquitectes.cat\/wp-content\/uploads\/2026\/03\/WhatsApp-Image-2026-03-11-at-17.48.43-2-300x169.jpeg 300w, https:\/\/aus.arquitectes.cat\/wp-content\/uploads\/2026\/03\/WhatsApp-Image-2026-03-11-at-17.48.43-2-scaled.jpeg 1660w\" sizes=\"(max-width: 1024px) 100vw, 1024px\" \/><\/div><\/div><div class=\"wpb_text_column\"><div class=\"wpb_wrapper\"><p data-start=\"0\" data-end=\"310\">La jornada fue una oportunidad para conectar diferentes escalas del sector \u2014desde la gesti\u00f3n forestal y la producci\u00f3n industrial hasta el proyecto arquitect\u00f3nico y la ejecuci\u00f3n en obra\u2014 y entender mejor el potencial de la madera como material clave en la transici\u00f3n hacia un modelo constructivo m\u00e1s sostenible.<\/p>\n<p data-start=\"312\" data-end=\"512\">Desde AUS creemos que este tipo de visitas son fundamentales para acercar la pr\u00e1ctica profesional a la realidad del sector, comprender los procesos productivos y generar comunidad entre profesionales.<\/p>\n<p data-start=\"514\" data-end=\"678\" data-is-last-node=\"\" data-is-only-node=\"\">Agradecemos especialmente a <strong>Grupo Boix<\/strong> y <strong>Tallfusta<\/strong> su disponibilidad y generosidad a la hora de compartir su conocimiento y sus procesos con las personas agrupadas.<\/p>\n<\/div><\/div><div class=\"wpb_text_column\"><div class=\"wpb_wrapper\"><h3><\/h3>\n<div class=\"flex flex-col text-sm pb-25\">\n<section class=\"text-token-text-primary w-full focus:outline-none &#091;--shadow-height:45px&#093; has-data-writing-block:pointer-events-none has-data-writing-block:-mt-(--shadow-height) has-data-writing-block:pt-(--shadow-height) &#091;&amp;:has(&#091;data-writing-block&#093;)&gt;*&#093;:pointer-events-auto scroll-mt-&#091;calc(var(--header-height)+min(200px,max(70px,20svh)))&#093;\" dir=\"auto\" data-turn-id=\"request-WEB:f5352f9d-0ef8-4572-a5ba-d186043f2807-12\" data-testid=\"conversation-turn-22\" data-scroll-anchor=\"true\" data-turn=\"assistant\">\n<div class=\"text-base my-auto mx-auto pb-10 &#091;--thread-content-margin:var(--thread-content-margin-xs,calc(var(--spacing)*4))&#093; @w-sm\/main:&#091;--thread-content-margin:var(--thread-content-margin-sm,calc(var(--spacing)*6))&#093; @w-lg\/main:&#091;--thread-content-margin:var(--thread-content-margin-lg,calc(var(--spacing)*16))&#093; px-(--thread-content-margin)\">\n<div class=\"&#091;--thread-content-max-width:40rem&#093; @w-lg\/main:&#091;--thread-content-max-width:48rem&#093; mx-auto max-w-(--thread-content-max-width) flex-1 group\/turn-messages focus-visible:outline-hidden relative flex w-full min-w-0 flex-col agent-turn\">\n<div class=\"flex max-w-full flex-col gap-4 grow\">\n<div class=\"min-h-8 text-message relative flex w-full flex-col items-end gap-2 text-start break-words whitespace-normal outline-none keyboard-focused:focus-ring &#091;.text-message+&amp;&#093;:mt-1\" dir=\"auto\" tabindex=\"0\" data-message-author-role=\"assistant\" data-message-id=\"36ef2463-70ff-4d88-a922-bc54c54753c1\" data-message-model-slug=\"gpt-5-3\" data-turn-start-message=\"true\">\n<div class=\"flex w-full flex-col gap-1 empty:hidden\">\n<div class=\"markdown prose dark:prose-invert w-full wrap-break-word light markdown-new-styling\">\n<h3 data-start=\"0\" data-end=\"34\">Participa en m\u00e1s visitas como esta<\/h3>\n<\/div>\n<\/div>\n<\/div>\n<\/div>\n<div class=\"z-0 flex min-h-&#091;46px&#093; justify-start\"><\/div>\n<div class=\"mt-3 w-full empty:hidden\">\n<div class=\"text-center\"><\/div>\n<\/div>\n<\/div>\n<\/div>\n<\/section>\n<\/div>\n<div class=\"pointer-events-none h-px w-px absolute bottom-0\" aria-hidden=\"true\" data-edge=\"true\"><\/div>\n<\/div><\/div><div class=\"wpb_text_column\"><div class=\"wpb_wrapper\"><p data-start=\"0\" data-end=\"179\">Si te interesa formar parte de esta red de profesionales comprometidos con la sostenibilidad y participar en visitas, debates y actividades como esta, te animamos a <strong><a href=\"https:\/\/aus.arquitectes.cat\/es\/agrupat\/\">hacerte miembro de AuS.<\/a><\/strong><\/p>\n<p data-start=\"181\" data-end=\"320\">Seguimos trabajando para generar espacios de encuentro, conocimiento e incidencia que nos ayuden a transformar el sector desde la pr\u00e1ctica.<\/p>\n<p data-start=\"322\" data-end=\"387\" data-is-last-node=\"\" data-is-only-node=\"\">Para m\u00e1s informaci\u00f3n, puedes escribirnos a <strong><a class=\"decorated-link cursor-pointer\" rel=\"noopener\" data-start=\"365\" data-end=\"386\">auscatalunya@coac.cat<\/a>.<\/strong><\/p>\n<\/div><\/div><\/div><\/div><div class=\"wpb_column vc_column_container\"><div class=\"vc_column-inner\"><\/div><\/div><\/div><\/div><\/section><section class=\"l-section wpb_row height_medium\"><div class=\"l-section-h i-cf\"><div class=\"g-cols vc_row via_grid cols_1 laptops-cols_inherit tablets-cols_inherit mobiles-cols_1 valign_top type_default stacking_default\"><div class=\"wpb_column vc_column_container\"><div class=\"vc_column-inner\"><\/div><\/div><\/div><\/div><\/section>\n","protected":false},"excerpt":{"rendered":"El pasado mi\u00e9rcoles 11 de marzo, un grupo de personas agrupadas en AUS \u2013 Agrupaci\u00f3n de Arquitectos por la Sostenibilidad participamos en una visita t\u00e9cnica al Bergued\u00e0\/Bages centrada en la construcci\u00f3n con madera, la industrializaci\u00f3n y el desarrollo de la bioeconom\u00eda forestal en el territorio. La jornada se enmarca dentro del programa de visitas t\u00e9cnicas...","protected":false},"author":1,"featured_media":15070,"comment_status":"closed","ping_status":"closed","sticky":false,"template":"","format":"standard","meta":{"footnotes":""},"categories":[36,30,38,45,47],"tags":[],"yoast_head":"<!-- This site is optimized with the Yoast SEO plugin v22.9 - https:\/\/yoast.com\/wordpress\/plugins\/seo\/ -->\n<title>Visita a Bergued\u00e0-Bages: madera, industrializaci\u00f3n y bioeconom\u00eda local - AUS Arquitectes<\/title>\n<meta name=\"robots\" content=\"index, follow, max-snippet:-1, max-image-preview:large, max-video-preview:-1\" \/>\n<link rel=\"canonical\" href=\"https:\/\/aus.arquitectes.cat\/es\/visita-a-bergueda-bages-madera-industrializacion-y-bioeconomia-local\/\" \/>\n<meta property=\"og:locale\" content=\"es_ES\" \/>\n<meta property=\"og:type\" content=\"article\" \/>\n<meta property=\"og:title\" content=\"Visita a Bergued\u00e0-Bages: madera, industrializaci\u00f3n y bioeconom\u00eda local - AUS Arquitectes\" \/>\n<meta property=\"og:url\" content=\"https:\/\/aus.arquitectes.cat\/es\/visita-a-bergueda-bages-madera-industrializacion-y-bioeconomia-local\/\" \/>\n<meta property=\"og:site_name\" content=\"AUS Arquitectes\" \/>\n<meta property=\"article:published_time\" content=\"2026-03-24T11:00:56+00:00\" \/>\n<meta property=\"article:modified_time\" content=\"2026-03-24T11:00:57+00:00\" \/>\n<meta property=\"og:image\" content=\"https:\/\/aus.arquitectes.cat\/wp-content\/uploads\/2026\/03\/PORTADA-BAGES.jpg\" \/>\n\t<meta property=\"og:image:width\" content=\"807\" \/>\n\t<meta property=\"og:image:height\" content=\"509\" \/>\n\t<meta property=\"og:image:type\" content=\"image\/jpeg\" \/>\n<meta name=\"author\" content=\"Aus Arquitectes\" \/>\n<meta name=\"twitter:card\" content=\"summary_large_image\" \/>\n<meta name=\"twitter:label1\" content=\"Escrito por\" \/>\n\t<meta name=\"twitter:data1\" content=\"Aus Arquitectes\" \/>\n\t<meta name=\"twitter:label2\" content=\"Tiempo de lectura\" \/>\n\t<meta name=\"twitter:data2\" content=\"6 minutos\" \/>\n<script type=\"application\/ld+json\" class=\"yoast-schema-graph\">{\"@context\":\"https:\/\/schema.org\",\"@graph\":[{\"@type\":\"WebPage\",\"@id\":\"https:\/\/aus.arquitectes.cat\/es\/visita-a-bergueda-bages-madera-industrializacion-y-bioeconomia-local\/\",\"url\":\"https:\/\/aus.arquitectes.cat\/es\/visita-a-bergueda-bages-madera-industrializacion-y-bioeconomia-local\/\",\"name\":\"Visita a Bergued\u00e0-Bages: madera, industrializaci\u00f3n y bioeconom\u00eda local - AUS Arquitectes\",\"isPartOf\":{\"@id\":\"https:\/\/aus.arquitectes.cat\/#website\"},\"primaryImageOfPage\":{\"@id\":\"https:\/\/aus.arquitectes.cat\/es\/visita-a-bergueda-bages-madera-industrializacion-y-bioeconomia-local\/#primaryimage\"},\"image\":{\"@id\":\"https:\/\/aus.arquitectes.cat\/es\/visita-a-bergueda-bages-madera-industrializacion-y-bioeconomia-local\/#primaryimage\"},\"thumbnailUrl\":\"https:\/\/aus.arquitectes.cat\/wp-content\/uploads\/2026\/03\/PORTADA-BAGES.jpg\",\"datePublished\":\"2026-03-24T11:00:56+00:00\",\"dateModified\":\"2026-03-24T11:00:57+00:00\",\"author\":{\"@id\":\"https:\/\/aus.arquitectes.cat\/#\/schema\/person\/68e683ebcd4ef31cbfbcd311fae01f97\"},\"breadcrumb\":{\"@id\":\"https:\/\/aus.arquitectes.cat\/es\/visita-a-bergueda-bages-madera-industrializacion-y-bioeconomia-local\/#breadcrumb\"},\"inLanguage\":\"es\",\"potentialAction\":[{\"@type\":\"ReadAction\",\"target\":[\"https:\/\/aus.arquitectes.cat\/es\/visita-a-bergueda-bages-madera-industrializacion-y-bioeconomia-local\/\"]}]},{\"@type\":\"ImageObject\",\"inLanguage\":\"es\",\"@id\":\"https:\/\/aus.arquitectes.cat\/es\/visita-a-bergueda-bages-madera-industrializacion-y-bioeconomia-local\/#primaryimage\",\"url\":\"https:\/\/aus.arquitectes.cat\/wp-content\/uploads\/2026\/03\/PORTADA-BAGES.jpg\",\"contentUrl\":\"https:\/\/aus.arquitectes.cat\/wp-content\/uploads\/2026\/03\/PORTADA-BAGES.jpg\",\"width\":807,\"height\":509},{\"@type\":\"BreadcrumbList\",\"@id\":\"https:\/\/aus.arquitectes.cat\/es\/visita-a-bergueda-bages-madera-industrializacion-y-bioeconomia-local\/#breadcrumb\",\"itemListElement\":[{\"@type\":\"ListItem\",\"position\":1,\"name\":\"Portada\",\"item\":\"https:\/\/aus.arquitectes.cat\/es\/\"},{\"@type\":\"ListItem\",\"position\":2,\"name\":\"Visita a Bergued\u00e0-Bages: madera, industrializaci\u00f3n y bioeconom\u00eda local\"}]},{\"@type\":\"WebSite\",\"@id\":\"https:\/\/aus.arquitectes.cat\/#website\",\"url\":\"https:\/\/aus.arquitectes.cat\/\",\"name\":\"AUS Arquitectes\",\"description\":\"\",\"potentialAction\":[{\"@type\":\"SearchAction\",\"target\":{\"@type\":\"EntryPoint\",\"urlTemplate\":\"https:\/\/aus.arquitectes.cat\/?s={search_term_string}\"},\"query-input\":\"required name=search_term_string\"}],\"inLanguage\":\"es\"},{\"@type\":\"Person\",\"@id\":\"https:\/\/aus.arquitectes.cat\/#\/schema\/person\/68e683ebcd4ef31cbfbcd311fae01f97\",\"name\":\"Aus Arquitectes\",\"sameAs\":[\"https:\/\/aus.tctprojects.com\"],\"url\":\"https:\/\/aus.arquitectes.cat\/es\/author\/c3sc\/\"}]}<\/script>\n<!-- \/ Yoast SEO plugin. -->","yoast_head_json":{"title":"Visita a Bergued\u00e0-Bages: madera, industrializaci\u00f3n y bioeconom\u00eda local - AUS Arquitectes","robots":{"index":"index","follow":"follow","max-snippet":"max-snippet:-1","max-image-preview":"max-image-preview:large","max-video-preview":"max-video-preview:-1"},"canonical":"https:\/\/aus.arquitectes.cat\/es\/visita-a-bergueda-bages-madera-industrializacion-y-bioeconomia-local\/","og_locale":"es_ES","og_type":"article","og_title":"Visita a Bergued\u00e0-Bages: madera, industrializaci\u00f3n y bioeconom\u00eda local - AUS Arquitectes","og_url":"https:\/\/aus.arquitectes.cat\/es\/visita-a-bergueda-bages-madera-industrializacion-y-bioeconomia-local\/","og_site_name":"AUS Arquitectes","article_published_time":"2026-03-24T11:00:56+00:00","article_modified_time":"2026-03-24T11:00:57+00:00","og_image":[{"width":807,"height":509,"url":"https:\/\/aus.arquitectes.cat\/wp-content\/uploads\/2026\/03\/PORTADA-BAGES.jpg","type":"image\/jpeg"}],"author":"Aus Arquitectes","twitter_card":"summary_large_image","twitter_misc":{"Escrito por":"Aus Arquitectes","Tiempo de lectura":"6 minutos"},"schema":{"@context":"https:\/\/schema.org","@graph":[{"@type":"WebPage","@id":"https:\/\/aus.arquitectes.cat\/es\/visita-a-bergueda-bages-madera-industrializacion-y-bioeconomia-local\/","url":"https:\/\/aus.arquitectes.cat\/es\/visita-a-bergueda-bages-madera-industrializacion-y-bioeconomia-local\/","name":"Visita a Bergued\u00e0-Bages: madera, industrializaci\u00f3n y bioeconom\u00eda local - AUS Arquitectes","isPartOf":{"@id":"https:\/\/aus.arquitectes.cat\/#website"},"primaryImageOfPage":{"@id":"https:\/\/aus.arquitectes.cat\/es\/visita-a-bergueda-bages-madera-industrializacion-y-bioeconomia-local\/#primaryimage"},"image":{"@id":"https:\/\/aus.arquitectes.cat\/es\/visita-a-bergueda-bages-madera-industrializacion-y-bioeconomia-local\/#primaryimage"},"thumbnailUrl":"https:\/\/aus.arquitectes.cat\/wp-content\/uploads\/2026\/03\/PORTADA-BAGES.jpg","datePublished":"2026-03-24T11:00:56+00:00","dateModified":"2026-03-24T11:00:57+00:00","author":{"@id":"https:\/\/aus.arquitectes.cat\/#\/schema\/person\/68e683ebcd4ef31cbfbcd311fae01f97"},"breadcrumb":{"@id":"https:\/\/aus.arquitectes.cat\/es\/visita-a-bergueda-bages-madera-industrializacion-y-bioeconomia-local\/#breadcrumb"},"inLanguage":"es","potentialAction":[{"@type":"ReadAction","target":["https:\/\/aus.arquitectes.cat\/es\/visita-a-bergueda-bages-madera-industrializacion-y-bioeconomia-local\/"]}]},{"@type":"ImageObject","inLanguage":"es","@id":"https:\/\/aus.arquitectes.cat\/es\/visita-a-bergueda-bages-madera-industrializacion-y-bioeconomia-local\/#primaryimage","url":"https:\/\/aus.arquitectes.cat\/wp-content\/uploads\/2026\/03\/PORTADA-BAGES.jpg","contentUrl":"https:\/\/aus.arquitectes.cat\/wp-content\/uploads\/2026\/03\/PORTADA-BAGES.jpg","width":807,"height":509},{"@type":"BreadcrumbList","@id":"https:\/\/aus.arquitectes.cat\/es\/visita-a-bergueda-bages-madera-industrializacion-y-bioeconomia-local\/#breadcrumb","itemListElement":[{"@type":"ListItem","position":1,"name":"Portada","item":"https:\/\/aus.arquitectes.cat\/es\/"},{"@type":"ListItem","position":2,"name":"Visita a Bergued\u00e0-Bages: madera, industrializaci\u00f3n y bioeconom\u00eda local"}]},{"@type":"WebSite","@id":"https:\/\/aus.arquitectes.cat\/#website","url":"https:\/\/aus.arquitectes.cat\/","name":"AUS Arquitectes","description":"","potentialAction":[{"@type":"SearchAction","target":{"@type":"EntryPoint","urlTemplate":"https:\/\/aus.arquitectes.cat\/?s={search_term_string}"},"query-input":"required name=search_term_string"}],"inLanguage":"es"},{"@type":"Person","@id":"https:\/\/aus.arquitectes.cat\/#\/schema\/person\/68e683ebcd4ef31cbfbcd311fae01f97","name":"Aus Arquitectes","sameAs":["https:\/\/aus.tctprojects.com"],"url":"https:\/\/aus.arquitectes.cat\/es\/author\/c3sc\/"}]}},"_links":{"self":[{"href":"https:\/\/aus.arquitectes.cat\/es\/wp-json\/wp\/v2\/posts\/15072"}],"collection":[{"href":"https:\/\/aus.arquitectes.cat\/es\/wp-json\/wp\/v2\/posts"}],"about":[{"href":"https:\/\/aus.arquitectes.cat\/es\/wp-json\/wp\/v2\/types\/post"}],"author":[{"embeddable":true,"href":"https:\/\/aus.arquitectes.cat\/es\/wp-json\/wp\/v2\/users\/1"}],"replies":[{"embeddable":true,"href":"https:\/\/aus.arquitectes.cat\/es\/wp-json\/wp\/v2\/comments?post=15072"}],"version-history":[{"count":3,"href":"https:\/\/aus.arquitectes.cat\/es\/wp-json\/wp\/v2\/posts\/15072\/revisions"}],"predecessor-version":[{"id":15075,"href":"https:\/\/aus.arquitectes.cat\/es\/wp-json\/wp\/v2\/posts\/15072\/revisions\/15075"}],"wp:featuredmedia":[{"embeddable":true,"href":"https:\/\/aus.arquitectes.cat\/es\/wp-json\/wp\/v2\/media\/15070"}],"wp:attachment":[{"href":"https:\/\/aus.arquitectes.cat\/es\/wp-json\/wp\/v2\/media?parent=15072"}],"wp:term":[{"taxonomy":"category","embeddable":true,"href":"https:\/\/aus.arquitectes.cat\/es\/wp-json\/wp\/v2\/categories?post=15072"},{"taxonomy":"post_tag","embeddable":true,"href":"https:\/\/aus.arquitectes.cat\/es\/wp-json\/wp\/v2\/tags?post=15072"}],"curies":[{"name":"wp","href":"https:\/\/api.w.org\/{rel}","templated":true}]}}